{"id":743,"date":"2026-01-28T14:26:53","date_gmt":"2026-01-28T13:26:53","guid":{"rendered":"https:\/\/www.latelierfestif.com\/shop\/?p=743"},"modified":"2026-01-28T15:26:51","modified_gmt":"2026-01-28T14:26:51","slug":"comment-bien-installer-tables-et-chaises-pour-un-evenement-confortable","status":"publish","type":"post","link":"https:\/\/www.latelierfestif.com\/shop\/comment-bien-installer-tables-et-chaises-pour-un-evenement-confortable\/","title":{"rendered":"Comment bien installer tables et chaises pour un \u00e9v\u00e9nement confortable"},"content":{"rendered":"\n<div class=\"wp-block-group alignfull has-palette-color-8-background-color has-background is-layout-constrained wp-container-core-group-is-layout-19c400f2 wp-block-group-is-layout-constrained\" style=\"margin-top:0;margin-bottom:0;background-image:url(&apos;https:\/\/www.latelierfestif.com\/shop\/wp-content\/uploads\/banniere-etoilee-5.png&apos;);background-position:50% 50%;background-repeat:no-repeat;background-size:contain;\">\n<div class=\"wp-block-columns is-layout-flex wp-container-core-columns-is-layout-65eef5bf wp-block-columns-is-layout-flex\">\n<div class=\"wp-block-column is-layout-flow wp-block-column-is-layout-flow\" style=\"flex-basis:33.33%\">\n<figure class=\"wp-block-image size-full\"><img loading=\"lazy\" decoding=\"async\" width=\"800\" height=\"800\" src=\"https:\/\/www.latelierfestif.com\/shop\/wp-content\/uploads\/salle-de-reception-avec-des-chaises-napoleon-bois-blanche.webp\" alt=\"salle de r\u00e9ception avec des chaises napol\u00e9on bois blanche\" class=\"wp-image-754\" srcset=\"https:\/\/www.latelierfestif.com\/shop\/wp-content\/uploads\/salle-de-reception-avec-des-chaises-napoleon-bois-blanche.webp 800w, https:\/\/www.latelierfestif.com\/shop\/wp-content\/uploads\/salle-de-reception-avec-des-chaises-napoleon-bois-blanche-768x768.webp 768w, https:\/\/www.latelierfestif.com\/shop\/wp-content\/uploads\/salle-de-reception-avec-des-chaises-napoleon-bois-blanche-500x500.webp 500w, https:\/\/www.latelierfestif.com\/shop\/wp-content\/uploads\/salle-de-reception-avec-des-chaises-napoleon-bois-blanche-300x300.webp 300w, https:\/\/www.latelierfestif.com\/shop\/wp-content\/uploads\/salle-de-reception-avec-des-chaises-napoleon-bois-blanche-600x600.webp 600w, https:\/\/www.latelierfestif.com\/shop\/wp-content\/uploads\/salle-de-reception-avec-des-chaises-napoleon-bois-blanche-100x100.webp 100w\" sizes=\"auto, (max-width: 800px) 100vw, 800px\" \/><\/figure>\n<\/div>\n\n\n\n<div class=\"wp-block-column is-vertically-aligned-center is-layout-flow wp-block-column-is-layout-flow\" style=\"flex-basis:66.66%\">\n<p>Lors de l\u2019organisation d\u2019un \u00e9v\u00e9nement, l\u2019installation des tables et des chaises est souvent rel\u00e9gu\u00e9e au second plan, au profit de la d\u00e9coration ou du repas. Pourtant, <strong>une mauvaise disposition peut rapidement nuire au confort des invit\u00e9s<\/strong> : circulation difficile, espace \u00e9touffant, chaises trop serr\u00e9es.<\/p>\n\n\n\n<p>Que ce soit pour un <strong>anniversaire, un mariage, une f\u00eate familiale ou un \u00e9v\u00e9nement professionnel<\/strong>, bien installer tables et chaises permet :<\/p>\n\n\n\n<ul class=\"wp-block-list\">\n<li>d\u2019optimiser l\u2019espace disponible,<\/li>\n\n\n\n<li>d\u2019assurer une circulation fluide,<\/li>\n\n\n\n<li>et d\u2019offrir une exp\u00e9rience agr\u00e9able \u00e0 l\u2019ensemble des invit\u00e9s.<\/li>\n<\/ul>\n\n\n\n<p>Dans cette fiche conseil, d\u00e9couvrez <strong>les distances \u00e0 respecter<\/strong>, <strong>les diff\u00e9rentes implantations possibles<\/strong>, <strong>l\u2019impact du type de chaises<\/strong> et <strong>l\u2019importance du lieu<\/strong> pour r\u00e9ussir l\u2019am\u00e9nagement de votre salle.<\/p>\n<\/div>\n<\/div>\n<\/div>\n\n\n\n<div class=\"wp-block-cover alignfull is-light\" style=\"margin-top:0;margin-bottom:0;min-height:620px;aspect-ratio:unset;\"><img loading=\"lazy\" decoding=\"async\" width=\"1304\" height=\"571\" class=\"wp-block-cover__image-background wp-image-674 size-full\" alt=\"\" src=\"https:\/\/www.latelierfestif.com\/shop\/wp-content\/uploads\/background-etoile-1.webp\" data-object-fit=\"cover\" srcset=\"https:\/\/www.latelierfestif.com\/shop\/wp-content\/uploads\/background-etoile-1.webp 1304w, https:\/\/www.latelierfestif.com\/shop\/wp-content\/uploads\/background-etoile-1-768x336.webp 768w, https:\/\/www.latelierfestif.com\/shop\/wp-content\/uploads\/background-etoile-1-600x263.webp 600w\" sizes=\"auto, (max-width: 1304px) 100vw, 1304px\" \/><span aria-hidden=\"true\" class=\"wp-block-cover__background has-palette-color-12-background-color has-background-dim-10 has-background-dim\"><\/span><div class=\"wp-block-cover__inner-container is-layout-constrained wp-container-core-cover-is-layout-be04af43 wp-block-cover-is-layout-constrained\">\n<div class=\"wp-block-columns is-layout-flex wp-container-core-columns-is-layout-28f84493 wp-block-columns-is-layout-flex\">\n<div class=\"wp-block-column is-layout-flow wp-container-core-column-is-layout-89ed5075 wp-block-column-is-layout-flow\" style=\"padding-top:var(--wp--preset--spacing--60);padding-bottom:var(--wp--preset--spacing--60)\">\n<h1 class=\"wp-block-heading has-text-align-center has-x-large-font-size\"><strong>Les distances essentielles \u00e0 respecter entre tables et chaises<\/strong><\/h1>\n<\/div>\n<\/div>\n\n\n\n<div class=\"wp-block-columns is-layout-flex wp-container-core-columns-is-layout-28f84493 wp-block-columns-is-layout-flex\">\n<div class=\"wp-block-column is-layout-flow wp-block-column-is-layout-flow\">\n<p class=\"has-text-align-left\">Avant m\u00eame de penser \u00e0 la disposition des tables, il est important de comprendre <strong>les distances minimales \u00e0 respecter<\/strong>. Ces rep\u00e8res permettent d\u2019\u00e9viter les erreurs les plus courantes et de garantir le confort des invit\u00e9s.<\/p>\n\n\n\n<p>Derri\u00e8re chaque chaise occup\u00e9e, un espace suffisant doit \u00eatre pr\u00e9vu pour permettre aux invit\u00e9s de s\u2019asseoir et de se lever sans g\u00eaner les autres. En pratique, <strong>un recul minimum de 60 cm est indispensable<\/strong>, tandis qu\u2019un espacement compris entre <strong>70 et 80 cm<\/strong> offre un confort nettement sup\u00e9rieur, notamment pour les repas prolong\u00e9s.<\/p>\n\n\n\n<p>L\u2019espace entre deux tables est tout aussi important. Lorsqu\u2019il est inf\u00e9rieur \u00e0 <strong>1,20 m<\/strong>, la circulation devient vite compliqu\u00e9e. Pour un \u00e9v\u00e9nement confortable, <strong>1,40 \u00e0 1,50 m entre deux tables<\/strong> permet aux invit\u00e9s, aux enfants et au service de circuler facilement sans se fr\u00f4ler.<\/p>\n\n\n\n<p>Les all\u00e9es principales, souvent oubli\u00e9es, doivent \u00e9galement \u00eatre suffisamment larges. Une largeur d\u2019environ <strong>1,50 m<\/strong> est recommand\u00e9e pour \u00e9viter les croisements difficiles et conserver une impression d\u2019espace, m\u00eame dans une salle de taille moyenne.<\/p>\n\n\n\n<p>Enfin, les zones strat\u00e9giques comme le buffet ou le bar n\u00e9cessitent une attention particuli\u00e8re. Devant ces espaces, <strong>au moins 2 m\u00e8tres libres<\/strong> sont conseill\u00e9s afin d\u2019\u00e9viter les files d\u2019attente trop serr\u00e9es et permettre \u00e0 plusieurs personnes de se servir simultan\u00e9ment.<\/p>\n<\/div>\n<\/div>\n<\/div><\/div>\n\n\n\n<div class=\"wp-block-cover alignfull\"><span aria-hidden=\"true\" class=\"wp-block-cover__background has-palette-color-8-background-color has-background-dim-60 has-background-dim\"><\/span><div class=\"wp-block-cover__inner-container is-layout-constrained wp-block-cover-is-layout-constrained\">\n<p class=\"has-text-align-center has-large-font-size\"><\/p>\n\n\n\n<div class=\"wp-block-columns is-layout-flex wp-container-core-columns-is-layout-28f84493 wp-block-columns-is-layout-flex\">\n<div class=\"wp-block-column is-layout-flow wp-block-column-is-layout-flow\" style=\"flex-basis:66.66%\">\n<h2 class=\"wp-block-heading has-palette-color-4-color has-text-color has-link-color wp-elements-cb2236728295f49d946e87a6da0bccdc\">Adapter ces r\u00e8gles au type de lieu<\/h2>\n\n\n\n<p class=\"has-palette-color-4-color has-text-color has-link-color wp-elements-9c2670e759831fd892c1ccdf7aa9cff7\">Ces mesures constituent des rep\u00e8res fiables, mais <strong>elles doivent toujours \u00eatre adapt\u00e9es au lieu<\/strong>. Une salle des f\u00eates, une salle de r\u00e9ception, un espace associatif ou un domicile priv\u00e9 ne pr\u00e9sentent ni les m\u00eames volumes ni les m\u00eames contraintes.<\/p>\n\n\n\n<p class=\"has-palette-color-4-color has-text-color has-link-color wp-elements-b08d6980b253a718dee577d8b72466a3\">Dans une <strong>salle communale<\/strong>, par exemple, les <strong>chaises coques<\/strong> sont souvent plus larges et plus rigides. Il est donc pr\u00e9f\u00e9rable de se rapprocher de la fourchette haute des distances recommand\u00e9es. \u00c0 l\u2019inverse, dans une<strong> salle de r\u00e9ception<\/strong> \u00e9quip\u00e9e de <strong>chaises d\u00e9coratives<\/strong> et d\u2019un espace plus g\u00e9n\u00e9reux, il est possible de jouer davantage sur l\u2019a\u00e9ration visuelle tout en conservant une circulation fluide.<\/p>\n\n\n\n<p class=\"has-palette-color-4-color has-text-color has-link-color wp-elements-6a15f6bc9decbe1b3db969022ca0c58f\">\u00c0 domicile ou dans un lieu atypique, chaque m\u00e8tre carr\u00e9 compte. Dans ce cas, respecter les distances minimales devient indispensable pour \u00e9viter une sensation d\u2019encombrement, m\u00eame si cela implique de r\u00e9duire l\u00e9g\u00e8rement le nombre de tables.<\/p>\n\n\n\n<div class=\"wp-block-buttons is-layout-flex wp-block-buttons-is-layout-flex\">\n<div class=\"wp-block-button is-style-outline is-style-outline--2\"><a class=\"wp-block-button__link has-palette-color-4-color has-text-color has-background has-link-color has-border-color has-palette-color-12-border-color wp-element-button\" href=\"https:\/\/amzn.to\/3NHRmb2\" style=\"border-width:1px;background-color:#c2b7ab\">Je loue une salle communale et je souhaite habiller les chaises <\/a><\/div>\n<\/div>\n<\/div>\n\n\n\n<div class=\"wp-block-column is-layout-flow wp-block-column-is-layout-flow\" style=\"flex-basis:33.33%\">\n<figure class=\"wp-block-image size-full\"><img loading=\"lazy\" decoding=\"async\" width=\"800\" height=\"800\" src=\"https:\/\/www.latelierfestif.com\/shop\/wp-content\/uploads\/salle-plan-avec-chaque-espace.webp\" alt=\"salle plan avec chaque espace\" class=\"wp-image-762\" srcset=\"https:\/\/www.latelierfestif.com\/shop\/wp-content\/uploads\/salle-plan-avec-chaque-espace.webp 800w, https:\/\/www.latelierfestif.com\/shop\/wp-content\/uploads\/salle-plan-avec-chaque-espace-768x768.webp 768w, https:\/\/www.latelierfestif.com\/shop\/wp-content\/uploads\/salle-plan-avec-chaque-espace-500x500.webp 500w, https:\/\/www.latelierfestif.com\/shop\/wp-content\/uploads\/salle-plan-avec-chaque-espace-300x300.webp 300w, https:\/\/www.latelierfestif.com\/shop\/wp-content\/uploads\/salle-plan-avec-chaque-espace-600x600.webp 600w, https:\/\/www.latelierfestif.com\/shop\/wp-content\/uploads\/salle-plan-avec-chaque-espace-100x100.webp 100w\" sizes=\"auto, (max-width: 800px) 100vw, 800px\" \/><\/figure>\n<\/div>\n<\/div>\n<\/div><\/div>\n\n\n\n<div class=\"wp-block-cover alignfull is-light\" style=\"min-height:620px;aspect-ratio:unset;\"><img loading=\"lazy\" decoding=\"async\" width=\"1304\" height=\"571\" class=\"wp-block-cover__image-background wp-image-674 size-full\" alt=\"\" src=\"https:\/\/www.latelierfestif.com\/shop\/wp-content\/uploads\/background-etoile-1.webp\" data-object-fit=\"cover\" srcset=\"https:\/\/www.latelierfestif.com\/shop\/wp-content\/uploads\/background-etoile-1.webp 1304w, https:\/\/www.latelierfestif.com\/shop\/wp-content\/uploads\/background-etoile-1-768x336.webp 768w, https:\/\/www.latelierfestif.com\/shop\/wp-content\/uploads\/background-etoile-1-600x263.webp 600w\" sizes=\"auto, (max-width: 1304px) 100vw, 1304px\" \/><span aria-hidden=\"true\" class=\"wp-block-cover__background has-palette-color-12-background-color has-background-dim-10 has-background-dim\"><\/span><div class=\"wp-block-cover__inner-container is-layout-constrained wp-block-cover-is-layout-constrained\">\n<div class=\"wp-block-columns is-layout-flex wp-container-core-columns-is-layout-28f84493 wp-block-columns-is-layout-flex\">\n<div class=\"wp-block-column is-layout-flow wp-block-column-is-layout-flow\" style=\"flex-basis:33.33%\">\n<figure class=\"wp-block-image size-full\"><img loading=\"lazy\" decoding=\"async\" width=\"800\" height=\"800\" src=\"https:\/\/www.latelierfestif.com\/shop\/wp-content\/uploads\/dispositions-des-chaises-a-dos-croises.webp\" alt=\"dispositions des chaises \u00e0 dos crois\u00e9s\" class=\"wp-image-756\" srcset=\"https:\/\/www.latelierfestif.com\/shop\/wp-content\/uploads\/dispositions-des-chaises-a-dos-croises.webp 800w, https:\/\/www.latelierfestif.com\/shop\/wp-content\/uploads\/dispositions-des-chaises-a-dos-croises-768x768.webp 768w, https:\/\/www.latelierfestif.com\/shop\/wp-content\/uploads\/dispositions-des-chaises-a-dos-croises-500x500.webp 500w, https:\/\/www.latelierfestif.com\/shop\/wp-content\/uploads\/dispositions-des-chaises-a-dos-croises-300x300.webp 300w, https:\/\/www.latelierfestif.com\/shop\/wp-content\/uploads\/dispositions-des-chaises-a-dos-croises-600x600.webp 600w, https:\/\/www.latelierfestif.com\/shop\/wp-content\/uploads\/dispositions-des-chaises-a-dos-croises-100x100.webp 100w\" sizes=\"auto, (max-width: 800px) 100vw, 800px\" \/><\/figure>\n<\/div>\n\n\n\n<div class=\"wp-block-column is-layout-flow wp-block-column-is-layout-flow\" style=\"flex-basis:66.66%\">\n<h2 class=\"wp-block-heading\">Choisir la bonne configuration de tables en fonction de l\u2019espace<\/h2>\n\n\n\n<p>La <strong>configuration des tables<\/strong> doit toujours \u00eatre pens\u00e9e en fonction des distances \u00e0 respecter. Une disposition en U permet, par exemple, de d\u00e9gager un espace central tout en conservant des all\u00e9es suffisantes. Une implantation en T structure l\u2019espace mais n\u00e9cessite une largeur de salle adapt\u00e9e pour conserver des passages confortables autour des tables.<\/p>\n\n\n\n<p>Dans des espaces plus restreints, une disposition en L peut \u00eatre une solution efficace pour exploiter un angle sans bloquer la circulation. La disposition en \u00e9pis, quant \u00e0 elle, facilite grandement les d\u00e9placements et le service, \u00e0 condition de conserver <strong>des all\u00e9es d\u2019au moins 1,20 \u00e0 1,50 m<\/strong> entre les rang\u00e9es.<br><br><br><br><\/p>\n<\/div>\n<\/div>\n<\/div><\/div>\n\n\n\n<div class=\"wp-block-group alignfull is-layout-constrained wp-block-group-is-layout-constrained\">\n<div class=\"wp-block-columns is-layout-flex wp-container-core-columns-is-layout-28f84493 wp-block-columns-is-layout-flex\">\n<div class=\"wp-block-column is-vertically-aligned-center is-layout-flow wp-block-column-is-layout-flow\">\n<h2 class=\"wp-block-heading\">Le type de chaises, un crit\u00e8re d\u00e9terminant<\/h2>\n\n\n\n<p>Le choix des chaises influe directement sur l\u2019espacement \u00e0 pr\u00e9voir. Une chaise pliante ou une chaise bistrot permet de se contenter d\u2019un recul plus r\u00e9duit, tandis qu\u2019une chaise Napol\u00e9on, m\u00e9daillon ou en fer forg\u00e9 n\u00e9cessite <strong>jusqu\u2019\u00e0 80 cm derri\u00e8re l\u2019assise<\/strong> pour garantir un vrai confort.<\/p>\n\n\n\n<p>Les chaises coques, tr\u00e8s r\u00e9pandues dans les salles communales, demandent \u00e9galement une attention particuli\u00e8re. Leur largeur impose de pr\u00e9voir <strong>au minimum 70 cm<\/strong> derri\u00e8re chaque chaise pour \u00e9viter que les invit\u00e9s ne se sentent \u00e0 l\u2019\u00e9troit.<br><br>Plus la chaise est large ou rigide, plus l\u2019espace doit \u00eatre g\u00e9n\u00e9reux.<\/p>\n\n\n\n<div class=\"wp-block-buttons is-content-justification-center is-layout-flex wp-container-core-buttons-is-layout-a89b3969 wp-block-buttons-is-layout-flex\">\n<div class=\"wp-block-button is-style-outline is-style-outline--3\"><a class=\"wp-block-button__link has-palette-color-4-color has-text-color has-background has-link-color has-border-color has-palette-color-12-border-color has-custom-font-size wp-element-button\" href=\"https:\/\/www.latelierfestif.com\/locations\/\" style=\"background-color:#c2b7ab;font-size:14px\">D\u00e9couvrir une alternative si vous n&rsquo;avez pas de jolies chaises<\/a><\/div>\n<\/div>\n<\/div>\n\n\n\n<div class=\"wp-block-column is-vertically-aligned-center is-layout-flow wp-block-column-is-layout-flow\">\n<figure class=\"wp-block-gallery has-nested-images columns-default is-cropped wp-block-gallery-4 is-layout-flex wp-block-gallery-is-layout-flex\">\n<figure class=\"wp-block-image size-full has-custom-border\"><img loading=\"lazy\" decoding=\"async\" width=\"800\" height=\"800\" data-id=\"759\" src=\"https:\/\/www.latelierfestif.com\/shop\/wp-content\/uploads\/chaises-dos-croises-bois-1.webp\" alt=\"chaises dos crois\u00e9s bois-1\" class=\"has-border-color has-palette-color-12-border-color wp-image-759\" srcset=\"https:\/\/www.latelierfestif.com\/shop\/wp-content\/uploads\/chaises-dos-croises-bois-1.webp 800w, https:\/\/www.latelierfestif.com\/shop\/wp-content\/uploads\/chaises-dos-croises-bois-1-768x768.webp 768w, https:\/\/www.latelierfestif.com\/shop\/wp-content\/uploads\/chaises-dos-croises-bois-1-500x500.webp 500w, https:\/\/www.latelierfestif.com\/shop\/wp-content\/uploads\/chaises-dos-croises-bois-1-300x300.webp 300w, https:\/\/www.latelierfestif.com\/shop\/wp-content\/uploads\/chaises-dos-croises-bois-1-600x600.webp 600w, https:\/\/www.latelierfestif.com\/shop\/wp-content\/uploads\/chaises-dos-croises-bois-1-100x100.webp 100w\" sizes=\"auto, (max-width: 800px) 100vw, 800px\" \/><\/figure>\n\n\n\n<figure class=\"wp-block-image size-full has-custom-border\"><img loading=\"lazy\" decoding=\"async\" width=\"800\" height=\"800\" data-id=\"757\" src=\"https:\/\/www.latelierfestif.com\/shop\/wp-content\/uploads\/chaise-bois-napoleon.webp\" alt=\"chaise bois napol\u00e9on\" class=\"has-border-color has-palette-color-12-border-color wp-image-757\" srcset=\"https:\/\/www.latelierfestif.com\/shop\/wp-content\/uploads\/chaise-bois-napoleon.webp 800w, https:\/\/www.latelierfestif.com\/shop\/wp-content\/uploads\/chaise-bois-napoleon-768x768.webp 768w, https:\/\/www.latelierfestif.com\/shop\/wp-content\/uploads\/chaise-bois-napoleon-500x500.webp 500w, https:\/\/www.latelierfestif.com\/shop\/wp-content\/uploads\/chaise-bois-napoleon-300x300.webp 300w, https:\/\/www.latelierfestif.com\/shop\/wp-content\/uploads\/chaise-bois-napoleon-600x600.webp 600w, https:\/\/www.latelierfestif.com\/shop\/wp-content\/uploads\/chaise-bois-napoleon-100x100.webp 100w\" sizes=\"auto, (max-width: 800px) 100vw, 800px\" \/><\/figure>\n\n\n\n<figure class=\"wp-block-image size-full has-custom-border\"><img loading=\"lazy\" decoding=\"async\" width=\"800\" height=\"800\" data-id=\"758\" src=\"https:\/\/www.latelierfestif.com\/shop\/wp-content\/uploads\/chaise-medaillon.webp\" alt=\"chaise m\u00e9daillon\" class=\"has-border-color has-palette-color-12-border-color wp-image-758\" srcset=\"https:\/\/www.latelierfestif.com\/shop\/wp-content\/uploads\/chaise-medaillon.webp 800w, https:\/\/www.latelierfestif.com\/shop\/wp-content\/uploads\/chaise-medaillon-768x768.webp 768w, https:\/\/www.latelierfestif.com\/shop\/wp-content\/uploads\/chaise-medaillon-500x500.webp 500w, https:\/\/www.latelierfestif.com\/shop\/wp-content\/uploads\/chaise-medaillon-300x300.webp 300w, https:\/\/www.latelierfestif.com\/shop\/wp-content\/uploads\/chaise-medaillon-600x600.webp 600w, https:\/\/www.latelierfestif.com\/shop\/wp-content\/uploads\/chaise-medaillon-100x100.webp 100w\" sizes=\"auto, (max-width: 800px) 100vw, 800px\" \/><\/figure>\n<\/figure>\n<\/div>\n<\/div>\n<\/div>\n\n\n\n<div class=\"wp-block-cover alignfull is-light\" style=\"min-height:600px;aspect-ratio:unset;\"><img loading=\"lazy\" decoding=\"async\" width=\"1024\" height=\"362\" class=\"wp-block-cover__image-background wp-image-698 size-full\" alt=\"\" src=\"https:\/\/www.latelierfestif.com\/shop\/wp-content\/uploads\/background-etoile-4.webp\" data-object-fit=\"cover\" srcset=\"https:\/\/www.latelierfestif.com\/shop\/wp-content\/uploads\/background-etoile-4.webp 1024w, https:\/\/www.latelierfestif.com\/shop\/wp-content\/uploads\/background-etoile-4-768x272.webp 768w, https:\/\/www.latelierfestif.com\/shop\/wp-content\/uploads\/background-etoile-4-600x212.webp 600w\" sizes=\"auto, (max-width: 1024px) 100vw, 1024px\" \/><span aria-hidden=\"true\" class=\"wp-block-cover__background has-palette-color-12-background-color has-background-dim-10 has-background-dim\"><\/span><div class=\"wp-block-cover__inner-container is-layout-constrained wp-block-cover-is-layout-constrained\">\n<div class=\"wp-block-columns is-layout-flex wp-container-core-columns-is-layout-28f84493 wp-block-columns-is-layout-flex\">\n<div class=\"wp-block-column is-vertically-aligned-center is-layout-flow wp-block-column-is-layout-flow\">\n<figure class=\"wp-block-gallery has-nested-images columns-default is-cropped wp-block-gallery-5 is-layout-flex wp-block-gallery-is-layout-flex\">\n<figure class=\"wp-block-image size-full has-custom-border\"><img loading=\"lazy\" decoding=\"async\" width=\"800\" height=\"800\" data-id=\"766\" src=\"https:\/\/www.latelierfestif.com\/shop\/wp-content\/uploads\/dispositions-de-tables-rectangles.webp\" alt=\"dispositions de tables rectangles\" class=\"has-border-color has-palette-color-12-border-color wp-image-766\" srcset=\"https:\/\/www.latelierfestif.com\/shop\/wp-content\/uploads\/dispositions-de-tables-rectangles.webp 800w, https:\/\/www.latelierfestif.com\/shop\/wp-content\/uploads\/dispositions-de-tables-rectangles-768x768.webp 768w, https:\/\/www.latelierfestif.com\/shop\/wp-content\/uploads\/dispositions-de-tables-rectangles-500x500.webp 500w, https:\/\/www.latelierfestif.com\/shop\/wp-content\/uploads\/dispositions-de-tables-rectangles-300x300.webp 300w, https:\/\/www.latelierfestif.com\/shop\/wp-content\/uploads\/dispositions-de-tables-rectangles-600x600.webp 600w, https:\/\/www.latelierfestif.com\/shop\/wp-content\/uploads\/dispositions-de-tables-rectangles-100x100.webp 100w\" sizes=\"auto, (max-width: 800px) 100vw, 800px\" \/><\/figure>\n\n\n\n<figure class=\"wp-block-image size-full has-custom-border\"><img loading=\"lazy\" decoding=\"async\" width=\"800\" height=\"800\" data-id=\"765\" src=\"https:\/\/www.latelierfestif.com\/shop\/wp-content\/uploads\/autres-dispositions-tables-rectangles-mariage-1.webp\" alt=\"autres dispositions tables rectangles mariage\" class=\"has-border-color has-palette-color-12-border-color wp-image-765\" srcset=\"https:\/\/www.latelierfestif.com\/shop\/wp-content\/uploads\/autres-dispositions-tables-rectangles-mariage-1.webp 800w, https:\/\/www.latelierfestif.com\/shop\/wp-content\/uploads\/autres-dispositions-tables-rectangles-mariage-1-768x768.webp 768w, https:\/\/www.latelierfestif.com\/shop\/wp-content\/uploads\/autres-dispositions-tables-rectangles-mariage-1-500x500.webp 500w, https:\/\/www.latelierfestif.com\/shop\/wp-content\/uploads\/autres-dispositions-tables-rectangles-mariage-1-300x300.webp 300w, https:\/\/www.latelierfestif.com\/shop\/wp-content\/uploads\/autres-dispositions-tables-rectangles-mariage-1-600x600.webp 600w, https:\/\/www.latelierfestif.com\/shop\/wp-content\/uploads\/autres-dispositions-tables-rectangles-mariage-1-100x100.webp 100w\" sizes=\"auto, (max-width: 800px) 100vw, 800px\" \/><\/figure>\n<\/figure>\n<\/div>\n\n\n\n<div class=\"wp-block-column is-layout-flow wp-block-column-is-layout-flow\">\n<h2 class=\"wp-block-heading\">Les erreurs courantes \u00e0 \u00e9viter<\/h2>\n\n\n\n<p>M\u00eame avec de bonnes intentions, certaines erreurs reviennent souvent : vouloir maximiser le nombre d\u2019invit\u00e9s sans tenir compte des distances, oublier les zones de passage vers le buffet ou les animations, ou encore n\u00e9gliger l\u2019espace n\u00e9cessaire pour tirer les chaises.<\/p>\n\n\n\n<p>Dans la majorit\u00e9 des cas, <strong>retirer une table am\u00e9liore imm\u00e9diatement le confort et l\u2019esth\u00e9tique de la salle<\/strong>. Un espace a\u00e9r\u00e9 est toujours per\u00e7u comme plus agr\u00e9able et plus qualitatif.<\/p>\n<\/div>\n<\/div>\n<\/div><\/div>\n\n\n\n<p>Bien installer tables et chaises repose sur quelques r\u00e8gles simples, mais essentielles : <strong>respecter les distances, adapter l\u2019am\u00e9nagement au type de lieu, choisir une configuration coh\u00e9rente et tenir compte du mobilier r\u00e9el disponible<\/strong>. Ces \u00e9l\u00e9ments font toute la diff\u00e9rence entre une salle surcharg\u00e9e et un \u00e9v\u00e9nement fluide et confortable.<\/p>\n\n\n\n<p>Si vous avez le moindre doute, l\u2019accompagnement d\u2019un professionnel permet d\u2019optimiser l\u2019espace, d\u2019\u00e9viter les erreurs et d\u2019assurer une installation parfaitement adapt\u00e9e \u00e0 votre \u00e9v\u00e9nement.<br><br><\/p>\n\n\n\n<div class=\"wp-block-group alignfull is-layout-constrained wp-block-group-is-layout-constrained\">\n<figure class=\"wp-block-image aligncenter size-full\"><a href=\"https:\/\/www.latelierfestif.com\/devis\/\"><img loading=\"lazy\" decoding=\"async\" width=\"895\" height=\"335\" src=\"https:\/\/www.latelierfestif.com\/shop\/wp-content\/uploads\/banniere-contact.webp\" alt=\"\" class=\"wp-image-687\" srcset=\"https:\/\/www.latelierfestif.com\/shop\/wp-content\/uploads\/banniere-contact.webp 895w, https:\/\/www.latelierfestif.com\/shop\/wp-content\/uploads\/banniere-contact-768x287.webp 768w, https:\/\/www.latelierfestif.com\/shop\/wp-content\/uploads\/banniere-contact-600x225.webp 600w\" sizes=\"auto, (max-width: 895px) 100vw, 895px\" \/><\/a><\/figure>\n<\/div>\n","protected":false},"excerpt":{"rendered":"<p>Conseils de pro pour optimiser l\u2019implantation des tables, chaises et espaces techniques afin d\u2019assurer confort, circulation et r\u00e9ussite \u00e9v\u00e9nementielle.<\/p>\n","protected":false},"author":1,"featured_media":756,"comment_status":"closed","ping_status":"closed","sticky":false,"template":"","format":"standard","meta":{"wds_primary_category":85,"footnotes":""},"categories":[85],"tags":[83,84,82],"class_list":["post-743","post","type-post","status-publish","format-standard","has-post-thumbnail","hentry","category-mobilier-amenagement","tag-anniversaire","tag-bapteme","tag-mariage"],"blocksy_meta":{"page_structure_type":"type-4","vertical_spacing_source":"custom","content_area_spacing":"none","disable_featured_image":"yes","styles_descriptor":{"styles":{"desktop":"","tablet":"","mobile":""},"google_fonts":[],"version":6}},"_links":{"self":[{"href":"https:\/\/www.latelierfestif.com\/shop\/wp-json\/wp\/v2\/posts\/743","targetHints":{"allow":["GET"]}}],"collection":[{"href":"https:\/\/www.latelierfestif.com\/shop\/wp-json\/wp\/v2\/posts"}],"about":[{"href":"https:\/\/www.latelierfestif.com\/shop\/wp-json\/wp\/v2\/types\/post"}],"author":[{"embeddable":true,"href":"https:\/\/www.latelierfestif.com\/shop\/wp-json\/wp\/v2\/users\/1"}],"replies":[{"embeddable":true,"href":"https:\/\/www.latelierfestif.com\/shop\/wp-json\/wp\/v2\/comments?post=743"}],"version-history":[{"count":0,"href":"https:\/\/www.latelierfestif.com\/shop\/wp-json\/wp\/v2\/posts\/743\/revisions"}],"wp:featuredmedia":[{"embeddable":true,"href":"https:\/\/www.latelierfestif.com\/shop\/wp-json\/wp\/v2\/media\/756"}],"wp:attachment":[{"href":"https:\/\/www.latelierfestif.com\/shop\/wp-json\/wp\/v2\/media?parent=743"}],"wp:term":[{"taxonomy":"category","embeddable":true,"href":"https:\/\/www.latelierfestif.com\/shop\/wp-json\/wp\/v2\/categories?post=743"},{"taxonomy":"post_tag","embeddable":true,"href":"https:\/\/www.latelierfestif.com\/shop\/wp-json\/wp\/v2\/tags?post=743"}],"curies":[{"name":"wp","href":"https:\/\/api.w.org\/{rel}","templated":true}]}}