{"id":582,"date":"2026-01-27T11:01:44","date_gmt":"2026-01-27T10:01:44","guid":{"rendered":"https:\/\/www.latelierfestif.com\/shop\/?p=582"},"modified":"2026-02-03T22:32:27","modified_gmt":"2026-02-03T21:32:27","slug":"comment-installer-des-ballons-au-plafond-pour-la-saint-valentin","status":"publish","type":"post","link":"https:\/\/www.latelierfestif.com\/shop\/comment-installer-des-ballons-au-plafond-pour-la-saint-valentin\/","title":{"rendered":"Comment installer des ballons au plafond pour la Saint-Valentin"},"content":{"rendered":"\n<div class=\"wp-block-group alignfull has-palette-color-8-background-color has-background is-layout-constrained wp-container-core-group-is-layout-19c400f2 wp-block-group-is-layout-constrained\" style=\"margin-top:0;margin-bottom:0;background-image:url(&apos;https:\/\/www.latelierfestif.com\/shop\/wp-content\/uploads\/banniere-etoilee-5.png&apos;);background-position:50% 50%;background-repeat:no-repeat;background-size:contain;\">\n<div class=\"wp-block-columns is-layout-flex wp-container-core-columns-is-layout-65eef5bf wp-block-columns-is-layout-flex\">\n<div class=\"wp-block-column is-layout-flow wp-block-column-is-layout-flow\" style=\"flex-basis:33.33%\">\n<figure class=\"wp-block-image size-full\"><img loading=\"lazy\" decoding=\"async\" width=\"800\" height=\"800\" src=\"https:\/\/www.latelierfestif.com\/shop\/wp-content\/uploads\/decoration-saint-valentin-de-chambre-romantique-et-chargee-damour.webp\" alt=\"\" class=\"wp-image-584\" srcset=\"https:\/\/www.latelierfestif.com\/shop\/wp-content\/uploads\/decoration-saint-valentin-de-chambre-romantique-et-chargee-damour.webp 800w, https:\/\/www.latelierfestif.com\/shop\/wp-content\/uploads\/decoration-saint-valentin-de-chambre-romantique-et-chargee-damour-768x768.webp 768w, https:\/\/www.latelierfestif.com\/shop\/wp-content\/uploads\/decoration-saint-valentin-de-chambre-romantique-et-chargee-damour-500x500.webp 500w, https:\/\/www.latelierfestif.com\/shop\/wp-content\/uploads\/decoration-saint-valentin-de-chambre-romantique-et-chargee-damour-300x300.webp 300w, https:\/\/www.latelierfestif.com\/shop\/wp-content\/uploads\/decoration-saint-valentin-de-chambre-romantique-et-chargee-damour-600x600.webp 600w, https:\/\/www.latelierfestif.com\/shop\/wp-content\/uploads\/decoration-saint-valentin-de-chambre-romantique-et-chargee-damour-100x100.webp 100w\" sizes=\"auto, (max-width: 800px) 100vw, 800px\" \/><\/figure>\n<\/div>\n\n\n\n<div class=\"wp-block-column is-vertically-aligned-center is-layout-flow wp-block-column-is-layout-flow\" style=\"flex-basis:66.66%\">\n<p>L\u2019Atelier Festif montre qu\u2019il est possible de transformer un int\u00e9rieur du quotidien en un <strong>d\u00e9cor chaleureux <\/strong>et m\u00e9morable. <strong>Ballons au plafond<\/strong>, d\u00e9tails symboliques dans la chambre,<strong>bougies<\/strong>\u2026 chaque mise en sc\u00e8ne est pens\u00e9e pour cr\u00e9er un v\u00e9ritable moment hors du temps. \u00c0 travers cet article, L\u2019Atelier Festif partage ses <strong>inspirations et conseils <\/strong>pour imaginer une <strong>d\u00e9coration de Saint-Valentin <\/strong>\u00e0 la fois romantique, accessible et pleine de sens.<br><br>D\u00e9couvrez les astuces, le <strong>nombre de ballons \u00e0 utiliser pour votre plafonnier de chambre avec et sans h\u00e9lium<\/strong> en fonction de la grandeur de votre plafond et nous vous donnerons un budget pour vous aider dans votre choix de d\u00e9coration.<br><\/p>\n<\/div>\n<\/div>\n<\/div>\n\n\n\n<div class=\"wp-block-group alignfull is-layout-constrained wp-block-group-is-layout-constrained\">\n<div class=\"wp-block-cover alignfull is-light\" style=\"margin-top:0;margin-bottom:0;min-height:620px;aspect-ratio:unset;\"><img loading=\"lazy\" decoding=\"async\" width=\"1304\" height=\"571\" class=\"wp-block-cover__image-background wp-image-674 size-full\" alt=\"\" src=\"https:\/\/www.latelierfestif.com\/shop\/wp-content\/uploads\/background-etoile-1.webp\" data-object-fit=\"cover\" srcset=\"https:\/\/www.latelierfestif.com\/shop\/wp-content\/uploads\/background-etoile-1.webp 1304w, https:\/\/www.latelierfestif.com\/shop\/wp-content\/uploads\/background-etoile-1-768x336.webp 768w, https:\/\/www.latelierfestif.com\/shop\/wp-content\/uploads\/background-etoile-1-600x263.webp 600w\" sizes=\"auto, (max-width: 1304px) 100vw, 1304px\" \/><span aria-hidden=\"true\" class=\"wp-block-cover__background has-palette-color-12-background-color has-background-dim-10 has-background-dim\"><\/span><div class=\"wp-block-cover__inner-container is-layout-constrained wp-container-core-cover-is-layout-be04af43 wp-block-cover-is-layout-constrained\">\n<div class=\"wp-block-columns is-layout-flex wp-container-core-columns-is-layout-28f84493 wp-block-columns-is-layout-flex\">\n<div class=\"wp-block-column is-layout-flow wp-container-core-column-is-layout-89ed5075 wp-block-column-is-layout-flow\" style=\"padding-top:var(--wp--preset--spacing--60);padding-bottom:var(--wp--preset--spacing--60)\">\n<h1 class=\"wp-block-heading has-text-align-center has-x-large-font-size\"><strong>Une d\u00e9coration de plafond romantique pour la chambre<\/strong><\/h1>\n<\/div>\n<\/div>\n\n\n\n<div class=\"wp-block-columns is-layout-flex wp-container-core-columns-is-layout-28f84493 wp-block-columns-is-layout-flex\">\n<div class=\"wp-block-column is-layout-flow wp-block-column-is-layout-flow\">\n<p class=\"has-text-align-left\">La d\u00e9coration de plafond est souvent sous-estim\u00e9e, alors qu\u2019elle permet de m\u00e9tamorphoser instantan\u00e9ment une pi\u00e8ce. Pour la <strong>Saint-Valentin, les ballons \u00e0 l\u2019h\u00e9lium sont une solution id\u00e9ale<\/strong>. Install\u00e9s au plafond, ils cr\u00e9ent une sensation de cocon et enveloppent l\u2019espace sans l\u2019alourdir.<\/p>\n\n\n\n<p class=\"has-text-align-left\">Vous pouvez aussi utiliser des <strong>ballons sans h\u00e9lium <\/strong>avec des <strong>pastilles point de colle<\/strong> pour <strong>r\u00e9duire votre budget car l&rsquo;h\u00e9lium est une solution id\u00e9ale mais co\u00fbteuse<\/strong>.<\/p>\n\n\n\n<p class=\"has-text-align-left\">Pour un rendu harmonieux, privil\u00e9giez des <strong>ballons de 11 ou 12 pouces<\/strong>, parfaitement adapt\u00e9s \u00e0 ce type de mise en sc\u00e8ne. Les couleurs rouge, rose et blanc fonctionnent tr\u00e8s bien ensemble et renforcent imm\u00e9diatement l\u2019atmosph\u00e8re romantique. Les <strong>ballons sont gonfl\u00e9s \u00e0 l\u2019h\u00e9lium puis laiss\u00e9s flotter librement<\/strong>, avec des rubans satin\u00e9s retombant d\u00e9licatement au-dessus du lit<\/p>\n<\/div>\n<\/div>\n<\/div><\/div>\n<\/div>\n\n\n\n<div class=\"wp-block-cover alignfull\"><span aria-hidden=\"true\" class=\"wp-block-cover__background has-palette-color-8-background-color has-background-dim-60 has-background-dim\"><\/span><div class=\"wp-block-cover__inner-container is-layout-constrained wp-block-cover-is-layout-constrained\">\n<p class=\"has-text-align-center has-large-font-size\"><\/p>\n\n\n\n<div class=\"wp-block-columns is-layout-flex wp-container-core-columns-is-layout-28f84493 wp-block-columns-is-layout-flex\">\n<div class=\"wp-block-column is-layout-flow wp-block-column-is-layout-flow\" style=\"flex-basis:66.66%\">\n<h2 class=\"wp-block-heading has-palette-color-4-color has-text-color has-link-color wp-elements-65693b8596834ab5dfc2ddd1c277141c\">Nos conseils pour d\u00e9terminer le bon nombre de ballons selon la taille du plafond<\/h2>\n\n\n\n<p class=\"has-palette-color-4-color has-text-color has-link-color wp-elements-071c28b29afec9a27adda60fb764e439\">Pour vous aider \u00e0 reproduire facilement cette d\u00e9coration, voici une estimation simple bas\u00e9e sur des ballons de 11 ou 12 pouces :<\/p>\n\n\n\n<ul class=\"wp-block-list has-palette-color-4-color has-text-color has-link-color wp-elements-19af41e984b32bfc44fe096ac952a5b5\">\n<li>Pour une chambre d\u2019environ 9 \u00e0 10 m\u00b2 (petite chambre ou chambre standard) : pr\u00e9voyez entre 20 et 25 ballons. Le plafond sera joliment d\u00e9cor\u00e9 sans \u00eatre surcharg\u00e9.<\/li>\n\n\n\n<li>Pour une chambre de 12 \u00e0 15 m\u00b2 : comptez entre 30 et 40 ballons pour un effet immersif bien r\u00e9parti.<\/li>\n\n\n\n<li>Pour une grande chambre ou une suite de plus de 18 m\u00b2 : entre 45 et 60 ballons permettront de couvrir visuellement l\u2019espace et de cr\u00e9er un vrai d\u00e9cor spectaculaire.<\/li>\n<\/ul>\n\n\n\n<ul class=\"wp-block-list has-palette-color-4-color has-text-color has-link-color wp-elements-5c1a56c0cedf963ab87bed1ae1b07188\">\n<li>Pour une grande chambre ou une suite de plus de 18 m\u00b2 : entre 45 et 60 ballons permettront de couvrir visuellement l\u2019espace et de cr\u00e9er un vrai d\u00e9cor spectaculaire.<\/li>\n<\/ul>\n\n\n\n<p class=\"has-palette-color-4-color has-text-color has-link-color wp-elements-186aee62ab2ad9caa0b2ae1f77082985\">L\u2019astuce est de r<strong>\u00e9partir les ballons de fa\u00e7on \u00e9quilibr\u00e9e<\/strong>, sans chercher \u00e0 couvrir chaque centim\u00e8tre du plafond. L\u2019effet doit rester a\u00e9rien et \u00e9l\u00e9gant.<\/p>\n<\/div>\n\n\n\n<div class=\"wp-block-column is-layout-flow wp-block-column-is-layout-flow\" style=\"flex-basis:33.33%\">\n<figure class=\"wp-block-image size-full\"><img loading=\"lazy\" decoding=\"async\" width=\"800\" height=\"800\" src=\"https:\/\/www.latelierfestif.com\/shop\/wp-content\/uploads\/tableau-gonflage-ballons-helium-capacite.webp\" alt=\"\" class=\"wp-image-594\" srcset=\"https:\/\/www.latelierfestif.com\/shop\/wp-content\/uploads\/tableau-gonflage-ballons-helium-capacite.webp 800w, https:\/\/www.latelierfestif.com\/shop\/wp-content\/uploads\/tableau-gonflage-ballons-helium-capacite-768x768.webp 768w, https:\/\/www.latelierfestif.com\/shop\/wp-content\/uploads\/tableau-gonflage-ballons-helium-capacite-500x500.webp 500w, https:\/\/www.latelierfestif.com\/shop\/wp-content\/uploads\/tableau-gonflage-ballons-helium-capacite-300x300.webp 300w, https:\/\/www.latelierfestif.com\/shop\/wp-content\/uploads\/tableau-gonflage-ballons-helium-capacite-600x600.webp 600w, https:\/\/www.latelierfestif.com\/shop\/wp-content\/uploads\/tableau-gonflage-ballons-helium-capacite-100x100.webp 100w\" sizes=\"auto, (max-width: 800px) 100vw, 800px\" \/><\/figure>\n<\/div>\n<\/div>\n<\/div><\/div>\n\n\n\n<div class=\"wp-block-group alignfull is-layout-constrained wp-block-group-is-layout-constrained\">\n<div class=\"wp-block-cover alignfull is-light\" style=\"min-height:620px;aspect-ratio:unset;\"><img loading=\"lazy\" decoding=\"async\" width=\"1304\" height=\"571\" class=\"wp-block-cover__image-background wp-image-674 size-full\" alt=\"\" src=\"https:\/\/www.latelierfestif.com\/shop\/wp-content\/uploads\/background-etoile-1.webp\" data-object-fit=\"cover\" srcset=\"https:\/\/www.latelierfestif.com\/shop\/wp-content\/uploads\/background-etoile-1.webp 1304w, https:\/\/www.latelierfestif.com\/shop\/wp-content\/uploads\/background-etoile-1-768x336.webp 768w, https:\/\/www.latelierfestif.com\/shop\/wp-content\/uploads\/background-etoile-1-600x263.webp 600w\" sizes=\"auto, (max-width: 1304px) 100vw, 1304px\" \/><span aria-hidden=\"true\" class=\"wp-block-cover__background has-palette-color-12-background-color has-background-dim-10 has-background-dim\"><\/span><div class=\"wp-block-cover__inner-container is-layout-constrained wp-block-cover-is-layout-constrained\">\n<div class=\"wp-block-columns is-layout-flex wp-container-core-columns-is-layout-28f84493 wp-block-columns-is-layout-flex\">\n<div class=\"wp-block-column is-layout-flow wp-block-column-is-layout-flow\" style=\"flex-basis:33.33%\">\n<figure class=\"wp-block-image size-full\"><img loading=\"lazy\" decoding=\"async\" width=\"800\" height=\"800\" src=\"https:\/\/www.latelierfestif.com\/shop\/wp-content\/uploads\/plafonnier-de-ballons-au-dessus-du-lit.webp\" alt=\"plafonnier de ballons au dessus du lit\" class=\"wp-image-592\" srcset=\"https:\/\/www.latelierfestif.com\/shop\/wp-content\/uploads\/plafonnier-de-ballons-au-dessus-du-lit.webp 800w, https:\/\/www.latelierfestif.com\/shop\/wp-content\/uploads\/plafonnier-de-ballons-au-dessus-du-lit-768x768.webp 768w, https:\/\/www.latelierfestif.com\/shop\/wp-content\/uploads\/plafonnier-de-ballons-au-dessus-du-lit-500x500.webp 500w, https:\/\/www.latelierfestif.com\/shop\/wp-content\/uploads\/plafonnier-de-ballons-au-dessus-du-lit-300x300.webp 300w, https:\/\/www.latelierfestif.com\/shop\/wp-content\/uploads\/plafonnier-de-ballons-au-dessus-du-lit-600x600.webp 600w, https:\/\/www.latelierfestif.com\/shop\/wp-content\/uploads\/plafonnier-de-ballons-au-dessus-du-lit-100x100.webp 100w\" sizes=\"auto, (max-width: 800px) 100vw, 800px\" \/><\/figure>\n\n\n\n<div class=\"wp-block-buttons is-layout-flex wp-block-buttons-is-layout-flex\">\n<div class=\"wp-block-button is-style-outline is-style-outline--2\"><a class=\"wp-block-button__link has-palette-color-4-color has-palette-color-13-background-color has-text-color has-background has-link-color has-border-color has-palette-color-12-border-color wp-element-button\" href=\"https:\/\/amzn.to\/4k5JCMf\">V\u00e9rifier la capacit\u00e9 de la bouteille d&rsquo;h\u00e9lium et son tarif<\/a><\/div>\n<\/div>\n<\/div>\n\n\n\n<div class=\"wp-block-column is-layout-flow wp-block-column-is-layout-flow\" style=\"flex-basis:66.66%\">\n<h2 class=\"wp-block-heading\">Conseil pro \u00ab\u00a0un plafond enti\u00e8rement recouvert\u201d : effet immersif maximal<\/h2>\n\n\n\n<p>Pour un plafonnier de ballons enti\u00e8rement recouvert, comme dans nos mises en sc\u00e8ne immersives, la densit\u00e9 est essentielle. Avec des ballons de 11 ou 12 pouces, comptez en moyenne <strong>15 \u00e0 17 ballons par m\u00b2<\/strong> afin d\u2019obtenir une couverture homog\u00e8ne, sans zones visibles du plafond. Les ballons doivent \u00eatre positionn\u00e9s tr\u00e8s proches les uns des autres pour cr\u00e9er un effet continu et enveloppant.<\/p>\n\n\n\n<p>\u00c0 titre indicatif, <strong>pour une chambre de 12 m\u00b2<\/strong>, il faudra pr\u00e9voir entre <strong>180 et 200 ballons<\/strong>, et pour une chambre de 15 m\u00b2, entre <strong>225 et 255 ballons<\/strong>, selon l\u2019intensit\u00e9 visuelle recherch\u00e9e. Les rubans, coup\u00e9s \u00e0 longueur similaire, renforcent l\u2019effet cocon et apportent de la verticalit\u00e9 \u00e0 la d\u00e9coration.<\/p>\n\n\n\n<p>Pr\u00e9voyez toujours <strong>10 % de ballons en plus<\/strong> pour ajuster la densit\u00e9 sur place et compenser les ballons irr\u00e9guliers mais aussi pour pr\u00e9voir les \u00e9clatements de ballons.<br><br><br><br><\/p>\n<\/div>\n<\/div>\n<\/div><\/div>\n<\/div>\n\n\n\n<div class=\"wp-block-group is-layout-constrained wp-block-group-is-layout-constrained\" style=\"padding-top:var(--wp--preset--spacing--60);padding-bottom:var(--wp--preset--spacing--60)\">\n<h2 class=\"wp-block-heading has-text-align-center\">Infos<\/h2>\n\n\n\n<div class=\"wp-block-group is-layout-constrained wp-container-core-group-is-layout-19c400f2 wp-block-group-is-layout-constrained\" style=\"margin-top:0;margin-bottom:0\">\n<p class=\"has-text-align-center\">L\u2019h\u00e9lium est un budget, L\u2019Atelier Festif vous conseils sur des produits accessible au particuliers en tant que professionnelle, <br>L\u2019Atelier Festif utilise bien \u00e9videmment des <strong>ballons de qualit\u00e9s professionnelles<\/strong> ainsi que les autres composants utilis\u00e9s lors de ses prestations<br>pour une beaut\u00e9 du d\u00e9cor prolong\u00e9e.<br><\/p>\n\n\n\n<figure class=\"wp-block-table\"><table class=\"has-fixed-layout\"><thead><tr><th><\/th><th><strong>DIY \u2013 Fait soi-m\u00eame<\/strong><\/th><th><strong>Pro \u2013 D\u00e9corateur \u00e9v\u00e9nementiel<\/strong><\/th><\/tr><\/thead><\/table><\/figure>\n\n\n\n<figure class=\"wp-block-table\"><table class=\"has-fixed-layout\"><tbody><tr><td><strong>Budget estim\u00e9<\/strong><\/td><td><strong>425 \u20ac \u00e0 465 \u20ac<\/strong><\/td><td><strong>450 \u20ac \u00e0 640 \u20ac HT<\/strong><\/td><\/tr><\/tbody><\/table><\/figure>\n\n\n\n<figure class=\"wp-block-table\"><table class=\"has-fixed-layout\"><tbody><tr><td><strong>Qualit\u00e9 des ballons<\/strong><\/td><td>Ballons grand public<\/td><td>Ballons professionnels<\/td><\/tr><\/tbody><\/table><\/figure>\n\n\n\n<figure class=\"wp-block-table\"><table class=\"has-fixed-layout\"><tbody><tr><td><strong>H\u00e9lium<\/strong><\/td><td>Bouteille grand public (co\u00fbt \u00e9lev\u00e9)<\/td><td>H\u00e9lium pro optimis\u00e9 de qualit\u00e9<\/td><\/tr><\/tbody><\/table><\/figure>\n\n\n\n<figure class=\"wp-block-table\"><table class=\"has-fixed-layout\"><tbody><tr><td><strong>Hi-Float<\/strong><\/td><td>Achat en gros (60 \u20ac)<\/td><td>Dosage ma\u00eetris\u00e9, inclus<\/td><\/tr><\/tbody><\/table><\/figure>\n\n\n\n<figure class=\"wp-block-table\"><table class=\"has-fixed-layout\"><tbody><tr><td><strong>Temps n\u00e9cessaire<\/strong><\/td><td>2 \u00e0 3 h (voire plus)<\/td><td>Inclus dans la prestation<\/td><\/tr><\/tbody><\/table><\/figure>\n\n\n\n<figure class=\"wp-block-table\"><table class=\"has-fixed-layout\"><tbody><tr><td><strong>Gestion des volumes<\/strong><\/td><td>Approximative<\/td><td>Densit\u00e9 et homog\u00e9n\u00e9it\u00e9 ma\u00eetris\u00e9es<\/td><\/tr><\/tbody><\/table><\/figure>\n\n\n\n<figure class=\"wp-block-table\"><table class=\"has-fixed-layout\"><tbody><tr><td><strong>Risque d\u2019erreur<\/strong><\/td><td>\u00c9lev\u00e9 (rat\u00e9s, pertes)<\/td><td>Tr\u00e8s faible<\/td><\/tr><\/tbody><\/table><\/figure>\n\n\n\n<figure class=\"wp-block-table\"><table class=\"has-fixed-layout\"><tbody><tr><td><strong>Tenue dans le temps<\/strong><\/td><td>Variable<\/td><td>Optimis\u00e9e<\/td><\/tr><\/tbody><\/table><\/figure>\n\n\n\n<figure class=\"wp-block-table\"><table class=\"has-fixed-layout\"><tbody><tr><td><strong>R\u00e9sultat final<\/strong><\/td><td>Al\u00e9atoire<\/td><td>Rendu soign\u00e9 et professionnel<\/td><\/tr><\/tbody><\/table><\/figure>\n\n\n\n<figure class=\"wp-block-table\"><table class=\"has-fixed-layout\"><tbody><tr><td><strong>S\u00e9r\u00e9nit\u00e9<\/strong><\/td><td>Stress et fatigue<\/td><td>Tranquillit\u00e9 totale<\/td><\/tr><\/tbody><\/table><\/figure>\n\n\n\n<p class=\"has-text-align-center\">Le <strong>DIY n\u2019est pas forc\u00e9ment plus \u00e9conomique<\/strong>.<br>\u00c0 budget quasi \u00e9quivalent, passer par un professionnel permet de b\u00e9n\u00e9ficier :<\/p>\n\n\n\n<p class=\"has-text-align-center\">d\u2019un <strong>r\u00e9sultat garanti, sans stress<\/strong>.<br>d\u2019un <strong>rendu esth\u00e9tique ma\u00eetris\u00e9<\/strong>, d\u2019un <strong>gain de temps consid\u00e9rable<\/strong>, <br>(calcul r\u00e9alis\u00e9 pour 180 \u00e0 200 ballons avec des ballons latex 11&Prime; , l&rsquo;h\u00e9lium, le ruban et l&rsquo;Hi-float)<\/p>\n<\/div>\n<\/div>\n\n\n\n<div class=\"wp-block-group alignfull is-layout-constrained wp-block-group-is-layout-constrained\">\n<div class=\"wp-block-group alignfull is-layout-constrained wp-block-group-is-layout-constrained\">\n<div class=\"wp-block-group alignfull is-layout-constrained wp-block-group-is-layout-constrained\">\n<figure class=\"wp-block-image aligncenter size-full\"><a href=\"https:\/\/www.latelierfestif.com\/devis\/\"><img loading=\"lazy\" decoding=\"async\" width=\"895\" height=\"335\" src=\"https:\/\/www.latelierfestif.com\/shop\/wp-content\/uploads\/banniere-contact.webp\" alt=\"\" class=\"wp-image-687\" srcset=\"https:\/\/www.latelierfestif.com\/shop\/wp-content\/uploads\/banniere-contact.webp 895w, https:\/\/www.latelierfestif.com\/shop\/wp-content\/uploads\/banniere-contact-768x287.webp 768w, https:\/\/www.latelierfestif.com\/shop\/wp-content\/uploads\/banniere-contact-600x225.webp 600w\" sizes=\"auto, (max-width: 895px) 100vw, 895px\" \/><\/a><\/figure>\n<\/div>\n<\/div>\n<\/div>\n\n\n\n<div class=\"wp-block-columns is-layout-flex wp-container-core-columns-is-layout-28f84493 wp-block-columns-is-layout-flex\">\n<div class=\"wp-block-column is-layout-flow wp-block-column-is-layout-flow\">\n<figure class=\"wp-block-gallery has-nested-images columns-default is-cropped wp-block-gallery-3 is-layout-flex wp-block-gallery-is-layout-flex\">\n<figure class=\"wp-block-image size-large\"><img loading=\"lazy\" decoding=\"async\" width=\"800\" height=\"800\" data-id=\"593\" src=\"https:\/\/www.latelierfestif.com\/shop\/wp-content\/uploads\/decoration-saint-valentin-rose-gold.webp\" alt=\"d\u00e9coration saint valentin rose gold\" class=\"wp-image-593\" srcset=\"https:\/\/www.latelierfestif.com\/shop\/wp-content\/uploads\/decoration-saint-valentin-rose-gold.webp 800w, https:\/\/www.latelierfestif.com\/shop\/wp-content\/uploads\/decoration-saint-valentin-rose-gold-768x768.webp 768w, https:\/\/www.latelierfestif.com\/shop\/wp-content\/uploads\/decoration-saint-valentin-rose-gold-500x500.webp 500w, https:\/\/www.latelierfestif.com\/shop\/wp-content\/uploads\/decoration-saint-valentin-rose-gold-300x300.webp 300w, https:\/\/www.latelierfestif.com\/shop\/wp-content\/uploads\/decoration-saint-valentin-rose-gold-600x600.webp 600w, https:\/\/www.latelierfestif.com\/shop\/wp-content\/uploads\/decoration-saint-valentin-rose-gold-100x100.webp 100w\" sizes=\"auto, (max-width: 800px) 100vw, 800px\" \/><figcaption class=\"wp-element-caption\">cr\u00e9dits : Pinterest<\/figcaption><\/figure>\n\n\n\n<figure class=\"wp-block-image size-large\"><img loading=\"lazy\" decoding=\"async\" width=\"800\" height=\"800\" data-id=\"694\" src=\"https:\/\/www.latelierfestif.com\/shop\/wp-content\/uploads\/photocall_bapteme_latelier_festif.webp\" alt=\"photocall bapteme l'atelier festif\" class=\"wp-image-694\" srcset=\"https:\/\/www.latelierfestif.com\/shop\/wp-content\/uploads\/photocall_bapteme_latelier_festif.webp 800w, https:\/\/www.latelierfestif.com\/shop\/wp-content\/uploads\/photocall_bapteme_latelier_festif-768x768.webp 768w, https:\/\/www.latelierfestif.com\/shop\/wp-content\/uploads\/photocall_bapteme_latelier_festif-500x500.webp 500w, https:\/\/www.latelierfestif.com\/shop\/wp-content\/uploads\/photocall_bapteme_latelier_festif-300x300.webp 300w, https:\/\/www.latelierfestif.com\/shop\/wp-content\/uploads\/photocall_bapteme_latelier_festif-600x600.webp 600w, https:\/\/www.latelierfestif.com\/shop\/wp-content\/uploads\/photocall_bapteme_latelier_festif-100x100.webp 100w\" sizes=\"auto, (max-width: 800px) 100vw, 800px\" \/><figcaption class=\"wp-element-caption\">cr\u00e9dits : L&rsquo;Atelier Festif<\/figcaption><\/figure>\n<\/figure>\n<\/div>\n\n\n\n<div class=\"wp-block-column is-vertically-aligned-center is-layout-flow wp-block-column-is-layout-flow\">\n<p>Il existe une alternative \u00e0 l\u2019h\u00e9lium : les <strong>points de colle pour ballons<\/strong>, que nous utilisons r\u00e9guli\u00e8rement pour r\u00e9aliser certaines <strong>structures d\u00e9coratives<\/strong>, comme des <strong>montgolfi\u00e8res en ballons<\/strong>. Certains choisissent \u00e9galement de fixer les ballons directement au plafond \u00e0 l\u2019aide de ces pastilles. Cette solution existe et peut \u00eatre envisag\u00e9e selon le type de d\u00e9cor et le support, m\u00eame si elle diff\u00e8re des installations r\u00e9alis\u00e9es \u00e0 l\u2019h\u00e9lium.<\/p>\n\n\n\n<div class=\"wp-block-buttons is-content-justification-center is-layout-flex wp-container-core-buttons-is-layout-a89b3969 wp-block-buttons-is-layout-flex\">\n<div class=\"wp-block-button is-style-outline is-style-outline--4\"><a class=\"wp-block-button__link has-palette-color-4-color has-palette-color-13-background-color has-text-color has-background has-link-color has-border-color has-palette-color-12-border-color has-custom-font-size wp-element-button\" style=\"font-size:14px\">D\u00e9couvrir une alternative \u00e0 l&rsquo;h\u00e9lium<\/a><\/div>\n<\/div>\n<\/div>\n<\/div>\n\n\n\n<div class=\"wp-block-group alignfull is-layout-constrained wp-block-group-is-layout-constrained\" style=\"padding-top:0;padding-bottom:0\">\n<div class=\"wp-block-group alignfull is-layout-constrained wp-block-group-is-layout-constrained\">\n<div class=\"wp-block-group alignfull is-layout-constrained wp-block-group-is-layout-constrained\">\n<div class=\"wp-block-group alignfull is-layout-constrained wp-block-group-is-layout-constrained\">\n<div class=\"wp-block-cover alignfull is-light\" style=\"min-height:600px;aspect-ratio:unset;\"><img loading=\"lazy\" decoding=\"async\" width=\"1024\" height=\"362\" class=\"wp-block-cover__image-background wp-image-698 size-full\" alt=\"\" src=\"https:\/\/www.latelierfestif.com\/shop\/wp-content\/uploads\/background-etoile-4.webp\" data-object-fit=\"cover\" srcset=\"https:\/\/www.latelierfestif.com\/shop\/wp-content\/uploads\/background-etoile-4.webp 1024w, https:\/\/www.latelierfestif.com\/shop\/wp-content\/uploads\/background-etoile-4-768x272.webp 768w, https:\/\/www.latelierfestif.com\/shop\/wp-content\/uploads\/background-etoile-4-600x212.webp 600w\" sizes=\"auto, (max-width: 1024px) 100vw, 1024px\" \/><span aria-hidden=\"true\" class=\"wp-block-cover__background has-palette-color-12-background-color has-background-dim-10 has-background-dim\"><\/span><div class=\"wp-block-cover__inner-container is-layout-constrained wp-block-cover-is-layout-constrained\">\n<div class=\"wp-block-columns is-layout-flex wp-container-core-columns-is-layout-28f84493 wp-block-columns-is-layout-flex\">\n<div class=\"wp-block-column is-vertically-aligned-center is-layout-flow wp-block-column-is-layout-flow\">\n<figure class=\"wp-block-gallery has-nested-images columns-default is-cropped wp-block-gallery-5 is-layout-flex wp-block-gallery-is-layout-flex\">\n<figure class=\"wp-block-image size-large\"><img loading=\"lazy\" decoding=\"async\" width=\"800\" height=\"800\" data-id=\"700\" src=\"https:\/\/www.latelierfestif.com\/shop\/wp-content\/uploads\/decoration-ballon-coeur-dans-une-chambre.webp\" alt=\"\" class=\"wp-image-700\" srcset=\"https:\/\/www.latelierfestif.com\/shop\/wp-content\/uploads\/decoration-ballon-coeur-dans-une-chambre.webp 800w, https:\/\/www.latelierfestif.com\/shop\/wp-content\/uploads\/decoration-ballon-coeur-dans-une-chambre-768x768.webp 768w, https:\/\/www.latelierfestif.com\/shop\/wp-content\/uploads\/decoration-ballon-coeur-dans-une-chambre-500x500.webp 500w, https:\/\/www.latelierfestif.com\/shop\/wp-content\/uploads\/decoration-ballon-coeur-dans-une-chambre-300x300.webp 300w, https:\/\/www.latelierfestif.com\/shop\/wp-content\/uploads\/decoration-ballon-coeur-dans-une-chambre-600x600.webp 600w, https:\/\/www.latelierfestif.com\/shop\/wp-content\/uploads\/decoration-ballon-coeur-dans-une-chambre-100x100.webp 100w\" sizes=\"auto, (max-width: 800px) 100vw, 800px\" \/><figcaption class=\"wp-element-caption\">Cr\u00e9dits : Pinterest<\/figcaption><\/figure>\n\n\n\n<figure class=\"wp-block-image size-large\"><img loading=\"lazy\" decoding=\"async\" width=\"800\" height=\"800\" data-id=\"701\" src=\"https:\/\/www.latelierfestif.com\/shop\/wp-content\/uploads\/plafonnier-de-ballons-au-dessus-du-lit-rose-et-blanc.webp\" alt=\"\" class=\"wp-image-701\" srcset=\"https:\/\/www.latelierfestif.com\/shop\/wp-content\/uploads\/plafonnier-de-ballons-au-dessus-du-lit-rose-et-blanc.webp 800w, https:\/\/www.latelierfestif.com\/shop\/wp-content\/uploads\/plafonnier-de-ballons-au-dessus-du-lit-rose-et-blanc-768x768.webp 768w, https:\/\/www.latelierfestif.com\/shop\/wp-content\/uploads\/plafonnier-de-ballons-au-dessus-du-lit-rose-et-blanc-500x500.webp 500w, https:\/\/www.latelierfestif.com\/shop\/wp-content\/uploads\/plafonnier-de-ballons-au-dessus-du-lit-rose-et-blanc-300x300.webp 300w, https:\/\/www.latelierfestif.com\/shop\/wp-content\/uploads\/plafonnier-de-ballons-au-dessus-du-lit-rose-et-blanc-600x600.webp 600w, https:\/\/www.latelierfestif.com\/shop\/wp-content\/uploads\/plafonnier-de-ballons-au-dessus-du-lit-rose-et-blanc-100x100.webp 100w\" sizes=\"auto, (max-width: 800px) 100vw, 800px\" \/><figcaption class=\"wp-element-caption\">Cr\u00e9dits : Pinterest<\/figcaption><\/figure>\n\n\n\n<figure class=\"wp-block-image size-large\"><img loading=\"lazy\" decoding=\"async\" width=\"800\" height=\"800\" data-id=\"703\" src=\"https:\/\/www.latelierfestif.com\/shop\/wp-content\/uploads\/Saint-valentin-romantique-decoration-de-rouge.webp\" alt=\"\" class=\"wp-image-703\" srcset=\"https:\/\/www.latelierfestif.com\/shop\/wp-content\/uploads\/Saint-valentin-romantique-decoration-de-rouge.webp 800w, https:\/\/www.latelierfestif.com\/shop\/wp-content\/uploads\/Saint-valentin-romantique-decoration-de-rouge-768x768.webp 768w, https:\/\/www.latelierfestif.com\/shop\/wp-content\/uploads\/Saint-valentin-romantique-decoration-de-rouge-500x500.webp 500w, https:\/\/www.latelierfestif.com\/shop\/wp-content\/uploads\/Saint-valentin-romantique-decoration-de-rouge-300x300.webp 300w, https:\/\/www.latelierfestif.com\/shop\/wp-content\/uploads\/Saint-valentin-romantique-decoration-de-rouge-600x600.webp 600w, https:\/\/www.latelierfestif.com\/shop\/wp-content\/uploads\/Saint-valentin-romantique-decoration-de-rouge-100x100.webp 100w\" sizes=\"auto, (max-width: 800px) 100vw, 800px\" \/><figcaption class=\"wp-element-caption\">Cr\u00e9dits : Pinterest<\/figcaption><\/figure>\n<\/figure>\n<\/div>\n\n\n\n<div class=\"wp-block-column is-layout-flow wp-block-column-is-layout-flow\">\n<h2 class=\"wp-block-heading\">Recouvrir le plafond uniquement au-dessus du lit : une solution \u00e9conomique et cibl\u00e9e<\/h2>\n\n\n\n<p>Pour cr\u00e9er une <strong>ambiance romantique<\/strong> forte sans recouvrir tout le <strong>plafond de la chambre de ballons<\/strong>, il est possible de <strong>concentrer la d\u00e9coration uniquement au-dessus du lit<\/strong>. Cette technique permet de cr\u00e9er un point focal imm\u00e9diat, tout en r\u00e9duisant le nombre de ballons n\u00e9cessaires. Le lit devient alors l\u2019\u00e9l\u00e9ment central de la mise en sc\u00e8ne, envelopp\u00e9 par un ciel de ballons \u00e9l\u00e9gant et immersif, parfait pour une <strong>surprise de Saint-Valentin<\/strong>.<\/p>\n\n\n\n<p>Cette approche est id\u00e9ale pour <strong>ma\u00eetriser son budget<\/strong> tout en conservant un <strong>rendu visuel tr\u00e8s impactant<\/strong>. En limitant la d\u00e9coration \u00e0 la zone du lit, l\u2019ambiance reste intime, harmonieuse et parfaitement lisible d\u00e8s l\u2019entr\u00e9e dans la chambre.<\/p>\n<\/div>\n<\/div>\n<\/div><\/div>\n<\/div>\n<\/div>\n<\/div>\n<\/div>\n\n\n\n<div class=\"wp-block-group alignfull has-palette-color-8-background-color has-background is-layout-constrained wp-block-group-is-layout-constrained\">\n<div class=\"wp-block-group is-layout-constrained wp-block-group-is-layout-constrained\">\n<div class=\"wp-block-columns is-layout-flex wp-container-core-columns-is-layout-28f84493 wp-block-columns-is-layout-flex\">\n<div class=\"wp-block-column is-vertically-aligned-center is-layout-flow wp-block-column-is-layout-flow\" style=\"flex-basis:66.66%\">\n<figure class=\"wp-block-gallery has-nested-images columns-default is-cropped wp-block-gallery-6 is-layout-flex wp-block-gallery-is-layout-flex\">\n<figure class=\"wp-block-image size-large\"><img loading=\"lazy\" decoding=\"async\" width=\"800\" height=\"800\" data-id=\"713\" src=\"https:\/\/www.latelierfestif.com\/shop\/wp-content\/uploads\/nombre-de-ballon-pour-un-lit-de-140-x-190.webp\" alt=\"nombre de ballon pour un lit de 140 x 190\" class=\"wp-image-713\" srcset=\"https:\/\/www.latelierfestif.com\/shop\/wp-content\/uploads\/nombre-de-ballon-pour-un-lit-de-140-x-190.webp 800w, https:\/\/www.latelierfestif.com\/shop\/wp-content\/uploads\/nombre-de-ballon-pour-un-lit-de-140-x-190-768x768.webp 768w, https:\/\/www.latelierfestif.com\/shop\/wp-content\/uploads\/nombre-de-ballon-pour-un-lit-de-140-x-190-500x500.webp 500w, https:\/\/www.latelierfestif.com\/shop\/wp-content\/uploads\/nombre-de-ballon-pour-un-lit-de-140-x-190-300x300.webp 300w, https:\/\/www.latelierfestif.com\/shop\/wp-content\/uploads\/nombre-de-ballon-pour-un-lit-de-140-x-190-600x600.webp 600w, https:\/\/www.latelierfestif.com\/shop\/wp-content\/uploads\/nombre-de-ballon-pour-un-lit-de-140-x-190-100x100.webp 100w\" sizes=\"auto, (max-width: 800px) 100vw, 800px\" \/><\/figure>\n\n\n\n<figure class=\"wp-block-image size-large\"><img loading=\"lazy\" decoding=\"async\" width=\"800\" height=\"800\" data-id=\"712\" src=\"https:\/\/www.latelierfestif.com\/shop\/wp-content\/uploads\/nombre-de-ballons-a-prevoir-pour-un-lit-160-x-200.webp\" alt=\"nombre de ballons \u00e0 pr\u00e9voir pour un lit 160 x 200\" class=\"wp-image-712\" srcset=\"https:\/\/www.latelierfestif.com\/shop\/wp-content\/uploads\/nombre-de-ballons-a-prevoir-pour-un-lit-160-x-200.webp 800w, https:\/\/www.latelierfestif.com\/shop\/wp-content\/uploads\/nombre-de-ballons-a-prevoir-pour-un-lit-160-x-200-768x768.webp 768w, https:\/\/www.latelierfestif.com\/shop\/wp-content\/uploads\/nombre-de-ballons-a-prevoir-pour-un-lit-160-x-200-500x500.webp 500w, https:\/\/www.latelierfestif.com\/shop\/wp-content\/uploads\/nombre-de-ballons-a-prevoir-pour-un-lit-160-x-200-300x300.webp 300w, https:\/\/www.latelierfestif.com\/shop\/wp-content\/uploads\/nombre-de-ballons-a-prevoir-pour-un-lit-160-x-200-600x600.webp 600w, https:\/\/www.latelierfestif.com\/shop\/wp-content\/uploads\/nombre-de-ballons-a-prevoir-pour-un-lit-160-x-200-100x100.webp 100w\" sizes=\"auto, (max-width: 800px) 100vw, 800px\" \/><\/figure>\n\n\n\n<figure class=\"wp-block-image size-large\"><img loading=\"lazy\" decoding=\"async\" width=\"800\" height=\"800\" data-id=\"711\" src=\"https:\/\/www.latelierfestif.com\/shop\/wp-content\/uploads\/nombre-de-ballons-pour-un-lit-de-180-x-200.webp\" alt=\"nombre de ballons pour un lit de 180 x 200\" class=\"wp-image-711\" srcset=\"https:\/\/www.latelierfestif.com\/shop\/wp-content\/uploads\/nombre-de-ballons-pour-un-lit-de-180-x-200.webp 800w, https:\/\/www.latelierfestif.com\/shop\/wp-content\/uploads\/nombre-de-ballons-pour-un-lit-de-180-x-200-768x768.webp 768w, https:\/\/www.latelierfestif.com\/shop\/wp-content\/uploads\/nombre-de-ballons-pour-un-lit-de-180-x-200-500x500.webp 500w, https:\/\/www.latelierfestif.com\/shop\/wp-content\/uploads\/nombre-de-ballons-pour-un-lit-de-180-x-200-300x300.webp 300w, https:\/\/www.latelierfestif.com\/shop\/wp-content\/uploads\/nombre-de-ballons-pour-un-lit-de-180-x-200-600x600.webp 600w, https:\/\/www.latelierfestif.com\/shop\/wp-content\/uploads\/nombre-de-ballons-pour-un-lit-de-180-x-200-100x100.webp 100w\" sizes=\"auto, (max-width: 800px) 100vw, 800px\" \/><\/figure>\n<\/figure>\n\n\n\n<div class=\"wp-block-buttons is-content-justification-center is-layout-flex wp-container-core-buttons-is-layout-a89b3969 wp-block-buttons-is-layout-flex\">\n<div class=\"wp-block-button is-style-outline is-style-outline--7\"><a class=\"wp-block-button__link has-palette-color-4-color has-palette-color-13-background-color has-text-color has-background has-link-color has-border-color has-palette-color-12-border-color wp-element-button\" href=\"https:\/\/amzn.to\/49W1DYv\">Voir les ballons recommand\u00e9s<\/a><\/div>\n<\/div>\n<\/div>\n\n\n\n<div class=\"wp-block-column is-vertically-aligned-center is-layout-flow wp-block-column-is-layout-flow\" style=\"flex-basis:33.33%\">\n<h2 class=\"wp-block-heading\">Conseil pro \u2013 L\u2019Atelier Festif : combien de ballons selon la taille du lit<\/h2>\n\n\n\n<p>Pour une d\u00e9coration de plafond situ\u00e9e uniquement au-dessus du lit, avec des ballons de 11 \u00e0 12 pouces (28 \u00e0 30 cm), voici des estimations adapt\u00e9es selon les dimensions :<br>Pour ajuster la densit\u00e9 sur place, il est conseill\u00e9 de pr\u00e9voir quelques ballons suppl\u00e9mentaires. Une r\u00e9partition homog\u00e8ne et des rubans de longueur similaire garantiront un rendu soign\u00e9 et professionnel.<\/p>\n<\/div>\n<\/div>\n<\/div>\n<\/div>\n\n\n\n<hr class=\"wp-block-separator has-text-color has-palette-color-12-color has-alpha-channel-opacity has-palette-color-12-background-color has-background is-style-wide\"\/>\n\n\n\n<div class=\"wp-block-group alignfull is-layout-constrained wp-block-group-is-layout-constrained\">\n<div class=\"wp-block-columns is-layout-flex wp-container-core-columns-is-layout-28f84493 wp-block-columns-is-layout-flex\">\n<div class=\"wp-block-column is-vertically-aligned-center is-layout-flow wp-block-column-is-layout-flow\">\n<figure class=\"wp-block-gallery has-nested-images columns-default is-cropped wp-block-gallery-8 is-layout-flex wp-block-gallery-is-layout-flex\">\n<figure class=\"wp-block-image size-large\"><img loading=\"lazy\" decoding=\"async\" width=\"800\" height=\"800\" data-id=\"731\" src=\"https:\/\/www.latelierfestif.com\/shop\/wp-content\/uploads\/ballon-shiny.webp\" alt=\"ballon shiny\" class=\"wp-image-731\" srcset=\"https:\/\/www.latelierfestif.com\/shop\/wp-content\/uploads\/ballon-shiny.webp 800w, https:\/\/www.latelierfestif.com\/shop\/wp-content\/uploads\/ballon-shiny-768x768.webp 768w, https:\/\/www.latelierfestif.com\/shop\/wp-content\/uploads\/ballon-shiny-500x500.webp 500w, https:\/\/www.latelierfestif.com\/shop\/wp-content\/uploads\/ballon-shiny-300x300.webp 300w, https:\/\/www.latelierfestif.com\/shop\/wp-content\/uploads\/ballon-shiny-600x600.webp 600w, https:\/\/www.latelierfestif.com\/shop\/wp-content\/uploads\/ballon-shiny-100x100.webp 100w\" sizes=\"auto, (max-width: 800px) 100vw, 800px\" \/><\/figure>\n\n\n\n<figure class=\"wp-block-image size-large\"><img loading=\"lazy\" decoding=\"async\" width=\"800\" height=\"800\" data-id=\"732\" src=\"https:\/\/www.latelierfestif.com\/shop\/wp-content\/uploads\/gonflage-ballon-helium.webp\" alt=\"gonflage ballon h\u00e9lium\" class=\"wp-image-732\" srcset=\"https:\/\/www.latelierfestif.com\/shop\/wp-content\/uploads\/gonflage-ballon-helium.webp 800w, https:\/\/www.latelierfestif.com\/shop\/wp-content\/uploads\/gonflage-ballon-helium-768x768.webp 768w, https:\/\/www.latelierfestif.com\/shop\/wp-content\/uploads\/gonflage-ballon-helium-500x500.webp 500w, https:\/\/www.latelierfestif.com\/shop\/wp-content\/uploads\/gonflage-ballon-helium-300x300.webp 300w, https:\/\/www.latelierfestif.com\/shop\/wp-content\/uploads\/gonflage-ballon-helium-600x600.webp 600w, https:\/\/www.latelierfestif.com\/shop\/wp-content\/uploads\/gonflage-ballon-helium-100x100.webp 100w\" sizes=\"auto, (max-width: 800px) 100vw, 800px\" \/><\/figure>\n\n\n\n<figure class=\"wp-block-image size-large\"><img loading=\"lazy\" decoding=\"async\" width=\"800\" height=\"800\" data-id=\"733\" src=\"https:\/\/www.latelierfestif.com\/shop\/wp-content\/uploads\/Hifloat-pour-ballons-helium.webp\" alt=\"Hifloat pour ballons h\u00e9lium\" class=\"wp-image-733\" srcset=\"https:\/\/www.latelierfestif.com\/shop\/wp-content\/uploads\/Hifloat-pour-ballons-helium.webp 800w, https:\/\/www.latelierfestif.com\/shop\/wp-content\/uploads\/Hifloat-pour-ballons-helium-768x768.webp 768w, https:\/\/www.latelierfestif.com\/shop\/wp-content\/uploads\/Hifloat-pour-ballons-helium-500x500.webp 500w, https:\/\/www.latelierfestif.com\/shop\/wp-content\/uploads\/Hifloat-pour-ballons-helium-300x300.webp 300w, https:\/\/www.latelierfestif.com\/shop\/wp-content\/uploads\/Hifloat-pour-ballons-helium-600x600.webp 600w, https:\/\/www.latelierfestif.com\/shop\/wp-content\/uploads\/Hifloat-pour-ballons-helium-100x100.webp 100w\" sizes=\"auto, (max-width: 800px) 100vw, 800px\" \/><\/figure>\n<\/figure>\n\n\n\n<div class=\"wp-block-buttons is-content-justification-center is-layout-flex wp-container-core-buttons-is-layout-a89b3969 wp-block-buttons-is-layout-flex\">\n<div class=\"wp-block-button is-style-outline is-style-outline--9\"><a class=\"wp-block-button__link has-palette-color-4-color has-palette-color-13-background-color has-text-color has-background has-link-color has-border-color has-palette-color-12-border-color wp-element-button\" href=\"https:\/\/amzn.to\/3M14iYS\">D\u00e9couvrir l&rsquo;Hi-float<\/a><\/div>\n<\/div>\n<\/div>\n\n\n\n<div class=\"wp-block-column is-layout-flow wp-block-column-is-layout-flow\">\n<h2 class=\"wp-block-heading\">Conseil pro \u2013 Prolonger la tenue des ballons \u00e0 l\u2019h\u00e9lium<\/h2>\n\n\n\n<p>Il est important de savoir que les ballons en latex sont naturellement poreux. M\u00eame gonfl\u00e9s \u00e0 l\u2019h\u00e9lium, celui-ci s\u2019\u00e9chappe progressivement \u00e0 travers la mati\u00e8re, ce qui entra\u00eene une perte de flottabilit\u00e9 au bout de quelques heures. Sans traitement sp\u00e9cifique, un ballon en latex gonfl\u00e9 \u00e0 l\u2019h\u00e9lium flotte en moyenne entre <strong>6 et 10 heures<\/strong>, selon les conditions.<\/p>\n\n\n\n<p>Pour prolonger la dur\u00e9e de votre d\u00e9coration, il est fortement recommand\u00e9 d\u2019ajouter un <strong>produit de traitement sp\u00e9cial h\u00e9lium<\/strong> \u00e0 l\u2019int\u00e9rieur des ballons avant le gonflage. Ces solutions forment un film protecteur \u00e0 l\u2019int\u00e9rieur du ballon, limitant la fuite de l\u2019h\u00e9lium et permettant aux ballons de flotter <strong>plusieurs jours<\/strong>.<\/p>\n\n\n\n<p>Les produits les plus utilis\u00e9s par L&rsquo;Atelier Festif sont notamment <strong>Hi-Float<\/strong>, <strong>Ultra Hi-Float<\/strong> ou <strong>Balloon Shine Hi-Float<\/strong>. Faciles \u00e0 utiliser, ils permettent de pr\u00e9parer la d\u00e9coration \u00e0 l\u2019avance et de garantir un rendu optimal le jour J. Cette \u00e9tape est indispensable pour une d\u00e9coration de plafond r\u00e9ussie et durable, en particulier pour une surprise de Saint-Valentin ou un \u00e9v\u00e9nement pr\u00e9par\u00e9 plusieurs heures \u00e0 l\u2019avance. Attention toutefois au dosage et \u00e0 la mani\u00e8re de l&rsquo;appliqu\u00e9 : en mettre trop peut alourdir le ballon et l\u2019emp\u00eacher de flotter. Cette \u00e9tape est technique. Pour celles et ceux qui le souhaitent, <strong>L\u2019Atelier Festif propose des ateliers pour apprendre \u00e0 ma\u00eetriser les ballons \u00e0 l&rsquo;h\u00e9lium<\/strong> et r\u00e9ussir une d\u00e9coration durable<\/p>\n<\/div>\n<\/div>\n<\/div>\n\n\n\n<hr class=\"wp-block-separator has-text-color has-palette-color-12-color has-alpha-channel-opacity has-palette-color-12-background-color has-background is-style-wide\"\/>\n\n\n\n<h2 class=\"wp-block-heading\">L\u2019astuce signature : cr\u00e9er un c\u0153ur avec les cols de ballons<\/h2>\n\n\n\n<p>Chez L\u2019Atelier Festif, chaque d\u00e9coration est pens\u00e9e dans sa globalit\u00e9, jusque dans les d\u00e9tails. Lors de certaines mises en sc\u00e8ne de Saint-Valentin, les cols des ballons utilis\u00e9s pour le plafonnier sont soigneusement r\u00e9cup\u00e9r\u00e9s apr\u00e8s la coupe. Plut\u00f4t que de les jeter, ils sont assembl\u00e9s pour former un c\u0153ur d\u00e9coratif pos\u00e9 sur le lit.<\/p>\n\n\n\n<p>Cette technique est simple \u00e0 reproduire. Une fois les ballons gonfl\u00e9s et install\u00e9s, r\u00e9cup\u00e9rez les extr\u00e9mit\u00e9s coup\u00e9es. Disposez-les sur le lit en formant un c\u0153ur, en jouant sur les couleurs pour un rendu harmonieux. Cette attention permet de cr\u00e9er un lien visuel fort entre le plafond et le lit, tout en adoptant une d\u00e9marche responsable et cr\u00e9ative. Un d\u00e9tail discret, mais tr\u00e8s appr\u00e9ci\u00e9, qui renforce l\u2019\u00e9motion du moment sans co\u00fbt suppl\u00e9mentaire.<\/p>\n\n\n\n<div class=\"wp-block-columns is-layout-flex wp-container-core-columns-is-layout-28f84493 wp-block-columns-is-layout-flex\">\n<div class=\"wp-block-column is-vertically-aligned-center is-layout-flow wp-block-column-is-layout-flow\">\n<figure class=\"wp-block-gallery aligncenter has-nested-images columns-default is-cropped wp-block-gallery-10 is-layout-flex wp-block-gallery-is-layout-flex\">\n<figure class=\"wp-block-image size-large\"><img loading=\"lazy\" decoding=\"async\" width=\"800\" height=\"800\" data-id=\"591\" src=\"https:\/\/www.latelierfestif.com\/shop\/wp-content\/uploads\/coeur-sur-le-lit-avec-les-cols-de-ballons-coupes-pour-une-surprise-ecologique-et-economique.webp\" alt=\"\" class=\"wp-image-591\" srcset=\"https:\/\/www.latelierfestif.com\/shop\/wp-content\/uploads\/coeur-sur-le-lit-avec-les-cols-de-ballons-coupes-pour-une-surprise-ecologique-et-economique.webp 800w, https:\/\/www.latelierfestif.com\/shop\/wp-content\/uploads\/coeur-sur-le-lit-avec-les-cols-de-ballons-coupes-pour-une-surprise-ecologique-et-economique-768x768.webp 768w, https:\/\/www.latelierfestif.com\/shop\/wp-content\/uploads\/coeur-sur-le-lit-avec-les-cols-de-ballons-coupes-pour-une-surprise-ecologique-et-economique-500x500.webp 500w, https:\/\/www.latelierfestif.com\/shop\/wp-content\/uploads\/coeur-sur-le-lit-avec-les-cols-de-ballons-coupes-pour-une-surprise-ecologique-et-economique-300x300.webp 300w, https:\/\/www.latelierfestif.com\/shop\/wp-content\/uploads\/coeur-sur-le-lit-avec-les-cols-de-ballons-coupes-pour-une-surprise-ecologique-et-economique-600x600.webp 600w, https:\/\/www.latelierfestif.com\/shop\/wp-content\/uploads\/coeur-sur-le-lit-avec-les-cols-de-ballons-coupes-pour-une-surprise-ecologique-et-economique-100x100.webp 100w\" sizes=\"auto, (max-width: 800px) 100vw, 800px\" \/><\/figure>\n\n\n\n<figure class=\"wp-block-image size-large\"><img loading=\"lazy\" decoding=\"async\" width=\"800\" height=\"800\" data-id=\"592\" src=\"https:\/\/www.latelierfestif.com\/shop\/wp-content\/uploads\/plafonnier-de-ballons-au-dessus-du-lit.webp\" alt=\"\" class=\"wp-image-592\" srcset=\"https:\/\/www.latelierfestif.com\/shop\/wp-content\/uploads\/plafonnier-de-ballons-au-dessus-du-lit.webp 800w, https:\/\/www.latelierfestif.com\/shop\/wp-content\/uploads\/plafonnier-de-ballons-au-dessus-du-lit-768x768.webp 768w, https:\/\/www.latelierfestif.com\/shop\/wp-content\/uploads\/plafonnier-de-ballons-au-dessus-du-lit-500x500.webp 500w, https:\/\/www.latelierfestif.com\/shop\/wp-content\/uploads\/plafonnier-de-ballons-au-dessus-du-lit-300x300.webp 300w, https:\/\/www.latelierfestif.com\/shop\/wp-content\/uploads\/plafonnier-de-ballons-au-dessus-du-lit-600x600.webp 600w, https:\/\/www.latelierfestif.com\/shop\/wp-content\/uploads\/plafonnier-de-ballons-au-dessus-du-lit-100x100.webp 100w\" sizes=\"auto, (max-width: 800px) 100vw, 800px\" \/><\/figure>\n\n\n\n<figure class=\"wp-block-image size-large\"><img loading=\"lazy\" decoding=\"async\" width=\"800\" height=\"800\" data-id=\"593\" src=\"https:\/\/www.latelierfestif.com\/shop\/wp-content\/uploads\/decoration-saint-valentin-rose-gold.webp\" alt=\"\" class=\"wp-image-593\" srcset=\"https:\/\/www.latelierfestif.com\/shop\/wp-content\/uploads\/decoration-saint-valentin-rose-gold.webp 800w, https:\/\/www.latelierfestif.com\/shop\/wp-content\/uploads\/decoration-saint-valentin-rose-gold-768x768.webp 768w, https:\/\/www.latelierfestif.com\/shop\/wp-content\/uploads\/decoration-saint-valentin-rose-gold-500x500.webp 500w, https:\/\/www.latelierfestif.com\/shop\/wp-content\/uploads\/decoration-saint-valentin-rose-gold-300x300.webp 300w, https:\/\/www.latelierfestif.com\/shop\/wp-content\/uploads\/decoration-saint-valentin-rose-gold-600x600.webp 600w, https:\/\/www.latelierfestif.com\/shop\/wp-content\/uploads\/decoration-saint-valentin-rose-gold-100x100.webp 100w\" sizes=\"auto, (max-width: 800px) 100vw, 800px\" \/><figcaption class=\"wp-element-caption\">cr\u00e9dit : pinterest<\/figcaption><\/figure>\n<\/figure>\n<\/div>\n\n\n\n<div class=\"wp-block-column is-layout-flow wp-block-column-is-layout-flow\">\n<h2 class=\"wp-block-heading\">Produits indispensables pour une d\u00e9coration de ballons \u00e0 l\u2019h\u00e9lium<\/h2>\n\n\n\n<ul class=\"wp-block-list\">\n<li><strong>Ballons en latex 11 ou 12 pouces pour h\u00e9lium<\/strong><\/li>\n\n\n\n<li><strong>Bouteille d\u2019h\u00e9lium pour ballons latex<\/strong><\/li>\n\n\n\n<li><strong>Produit de traitement h\u00e9lium pour ballons (Hi-Float, Ultra Hi-Float)<\/strong><\/li>\n\n\n\n<li><strong>Rubans pour ballons d\u00e9coratifs<\/strong><\/li>\n<\/ul>\n<\/div>\n<\/div>\n\n\n\n<p><\/p>\n","protected":false},"excerpt":{"rendered":"<p>Cr\u00e9er une ambiance romantique \u00e0 la maison pour la Saint-Valentin avec une d\u00e9coration \u00e9l\u00e9gante : ballons, lumi\u00e8re douce et table raffin\u00e9e pour un moment inoubliable.<\/p>\n","protected":false},"author":1,"featured_media":584,"comment_status":"closed","ping_status":"closed","sticky":false,"template":"","format":"standard","meta":{"wds_primary_category":78,"footnotes":""},"categories":[78],"tags":[80,81,79],"class_list":["post-582","post","type-post","status-publish","format-standard","has-post-thumbnail","hentry","category-decorations","tag-amour","tag-fiancailles","tag-saint-valentin"],"blocksy_meta":{"page_structure_type":"type-4","vertical_spacing_source":"inherit","content_area_spacing":"none","styles_descriptor":{"styles":{"desktop":"","tablet":"","mobile":""},"google_fonts":[],"version":6},"disable_featured_image":"yes","content_style_source":"inherit"},"_links":{"self":[{"href":"https:\/\/www.latelierfestif.com\/shop\/wp-json\/wp\/v2\/posts\/582","targetHints":{"allow":["GET"]}}],"collection":[{"href":"https:\/\/www.latelierfestif.com\/shop\/wp-json\/wp\/v2\/posts"}],"about":[{"href":"https:\/\/www.latelierfestif.com\/shop\/wp-json\/wp\/v2\/types\/post"}],"author":[{"embeddable":true,"href":"https:\/\/www.latelierfestif.com\/shop\/wp-json\/wp\/v2\/users\/1"}],"replies":[{"embeddable":true,"href":"https:\/\/www.latelierfestif.com\/shop\/wp-json\/wp\/v2\/comments?post=582"}],"version-history":[{"count":0,"href":"https:\/\/www.latelierfestif.com\/shop\/wp-json\/wp\/v2\/posts\/582\/revisions"}],"wp:featuredmedia":[{"embeddable":true,"href":"https:\/\/www.latelierfestif.com\/shop\/wp-json\/wp\/v2\/media\/584"}],"wp:attachment":[{"href":"https:\/\/www.latelierfestif.com\/shop\/wp-json\/wp\/v2\/media?parent=582"}],"wp:term":[{"taxonomy":"category","embeddable":true,"href":"https:\/\/www.latelierfestif.com\/shop\/wp-json\/wp\/v2\/categories?post=582"},{"taxonomy":"post_tag","embeddable":true,"href":"https:\/\/www.latelierfestif.com\/shop\/wp-json\/wp\/v2\/tags?post=582"}],"curies":[{"name":"wp","href":"https:\/\/api.w.org\/{rel}","templated":true}]}}