{"id":34515,"date":"2026-03-31T22:18:29","date_gmt":"2026-03-31T21:18:29","guid":{"rendered":"https:\/\/www.latelierfestif.com\/locations\/?p=34515"},"modified":"2026-03-31T22:36:11","modified_gmt":"2026-03-31T21:36:11","slug":"organiser-evenement-paques-jeux-bois-animations-gourmandes","status":"publish","type":"post","link":"https:\/\/www.latelierfestif.com\/locations\/organiser-evenement-paques-jeux-bois-animations-gourmandes\/","title":{"rendered":"Organiser un \u00e9v\u00e9nement de P\u00e2ques original avec des jeux en bois et animations gourmandes"},"content":{"rendered":"\n<p>La f\u00eate de P\u00e2ques est une occasion id\u00e9ale pour organiser un \u00e9v\u00e9nement convivial, familial et festif. Que ce soit pour une \u00e9cole, une collectivit\u00e9, une entreprise ou un \u00e9v\u00e9nement priv\u00e9, les attentes sont toujours les m\u00eames : proposer une animation originale, accessible \u00e0 tous et capable de cr\u00e9er des souvenirs m\u00e9morables. <\/p>\n\n\n\n<p>Aujourd\u2019hui, les simples chasses aux \u0153ufs ne suffisent plus \u00e0 <strong>surprendre les participants<\/strong>. Il devient essentiel d\u2019enrichir l\u2019exp\u00e9rience avec des activit\u00e9s vari\u00e9es et compl\u00e9mentaires. C\u2019est dans cette optique que la combinaison de <strong>jeux en bois<\/strong>, d\u2019animations gourmandes et d\u2019une d\u00e9coration soign\u00e9e prend tout son sens. <\/p>\n\n\n\n<p>En associant ces diff\u00e9rents \u00e9l\u00e9ments, vous cr\u00e9ez un<strong> v\u00e9ritable univers autour de P\u00e2ques<\/strong>, \u00e0 la fois ludique, esth\u00e9tique et engageant. D\u00e9couvrez comment structurer un \u00e9v\u00e9nement r\u00e9ussi en int\u00e9grant ces animations pour offrir une exp\u00e9rience compl\u00e8te et immersive.<\/p>\n\n\n\n<h2 class=\"wp-block-heading\">Cr\u00e9er une animation centrale autour des jeux en bois<\/h2>\n\n\n\n<p>Les <a href=\"https:\/\/www.latelierfestif.com\/locations\/catalogue\/animations\/jeux-en-bois\/\" data-type=\"product_cat\" data-id=\"150\">jeux en bois<\/a> constituent une base id\u00e9ale pour structurer un \u00e9v\u00e9nement de P\u00e2ques, car ils permettent de proposer une activit\u00e9 accessible, interg\u00e9n\u00e9rationnelle et imm\u00e9diatement engageante. Contrairement \u00e0 certaines animations plus encadr\u00e9es, ils offrent une libert\u00e9 de participation qui s\u2019adapte parfaitement au rythme des invit\u00e9s. <\/p>\n\n\n\n<p>Lors d\u2019un <a href=\"https:\/\/www.latelierfestif.com\/locations\/event\/paques\/\" data-type=\"product_tag\" data-id=\"64\">\u00e9v\u00e9nement de P\u00e2ques<\/a>, o\u00f9 les publics sont souvent vari\u00e9s \u2014 enfants, parents, grands-parents \u2014 il est essentiel de proposer des activit\u00e9s capables de rassembler tout le monde. Les jeux en bois r\u00e9pondent parfaitement \u00e0 cet objectif en favorisant les interactions, les \u00e9changes et les moments de partage. <\/p>\n\n\n\n<p>Ils peuvent \u00eatre utilis\u00e9s en compl\u00e9ment d\u2019une chasse aux \u0153ufs ou devenir une animation \u00e0 part enti\u00e8re, permettant de maintenir une dynamique tout au long de la journ\u00e9e. En cr\u00e9ant un espace d\u00e9di\u00e9 aux jeux, vous structurez votre \u00e9v\u00e9nement et offrez un point de rassemblement central qui attire naturellement les participants.<\/p>\n\n\n\n<h2 class=\"wp-block-heading\">Ajouter des animations gourmandes pour renforcer l\u2019exp\u00e9rience<\/h2>\n\n\n\n<p>Un \u00e9v\u00e9nement de P\u00e2ques ne serait pas complet sans une dimension gourmande, \u00e9l\u00e9ment essentiel pour s\u00e9duire petits et grands. Les animations sucr\u00e9es, comme la barbe \u00e0 papa ou les stands de bonbonni\u00e8res, apportent une touche festive et sensorielle qui enrichit consid\u00e9rablement l\u2019exp\u00e9rience globale. <\/p>\n\n\n\n<p>Elles cr\u00e9ent des moments de plaisir imm\u00e9diat et participent \u00e0 l\u2019ambiance conviviale de l\u2019\u00e9v\u00e9nement. En int\u00e9grant ce type d\u2019animation, vous ajoutez une dimension compl\u00e9mentaire aux <a href=\"https:\/\/www.latelierfestif.com\/locations\/catalogue\/animations\/jeux-en-bois\/\" data-type=\"product_cat\" data-id=\"150\">jeux en bois<\/a>, en alternant les moments d\u2019activit\u00e9 et de d\u00e9gustation. <\/p>\n\n\n\n<p>Cette combinaison est particuli\u00e8rement efficace pour maintenir l\u2019int\u00e9r\u00eat des participants et \u00e9viter les temps morts. Les stands gourmands deviennent \u00e9galement des points de rencontre o\u00f9 les invit\u00e9s \u00e9changent et partagent un moment agr\u00e9able. <\/p>\n\n\n\n<p>En proposant <strong>une offre sucr\u00e9e<\/strong> bien pens\u00e9e, vous renforcez l\u2019attractivit\u00e9 de votre \u00e9v\u00e9nement et contribuez \u00e0 cr\u00e9er une atmosph\u00e8re chaleureuse et festive.<\/p>\n\n\n\n<figure class=\"wp-block-gallery has-nested-images columns-default is-cropped wp-block-gallery-1 is-layout-flex wp-block-gallery-is-layout-flex\">\n<figure data-wp-context=\"{&quot;imageId&quot;:&quot;69f1d0662f12f&quot;}\" data-wp-interactive=\"core\/image\" data-wp-key=\"69f1d0662f12f\" class=\"wp-block-image size-large has-custom-border wp-lightbox-container\"><img decoding=\"async\" width=\"800\" height=\"800\" data-wp-class--hide=\"state.isContentHidden\" data-wp-class--show=\"state.isContentVisible\" data-wp-init=\"callbacks.setButtonStyles\" data-wp-on--click=\"actions.showLightbox\" data-wp-on--load=\"callbacks.setButtonStyles\" data-wp-on-window--resize=\"callbacks.setButtonStyles\" data-id=\"33344\" data-src=\"https:\/\/www.latelierfestif.com\/locations\/wp-content\/uploads\/Machine-Pop-Corn-Personnalisation-Hard-Rock-Cafe.webp\" alt=\"Machine Pop Corn Personnalisation Hard Rock Caf\u00e9\" class=\"wp-image-33344 lazyload\" style=\"--smush-placeholder-width: 800px; --smush-placeholder-aspect-ratio: 800\/800;border-top-left-radius:10px;border-top-right-radius:10px;border-bottom-left-radius:10px;border-bottom-right-radius:10px;aspect-ratio:1\" data-srcset=\"https:\/\/www.latelierfestif.com\/locations\/wp-content\/uploads\/Machine-Pop-Corn-Personnalisation-Hard-Rock-Cafe.webp 800w, https:\/\/www.latelierfestif.com\/locations\/wp-content\/uploads\/Machine-Pop-Corn-Personnalisation-Hard-Rock-Cafe-300x300.webp 300w, https:\/\/www.latelierfestif.com\/locations\/wp-content\/uploads\/Machine-Pop-Corn-Personnalisation-Hard-Rock-Cafe-100x100.webp 100w, https:\/\/www.latelierfestif.com\/locations\/wp-content\/uploads\/Machine-Pop-Corn-Personnalisation-Hard-Rock-Cafe-600x600.webp 600w, https:\/\/www.latelierfestif.com\/locations\/wp-content\/uploads\/Machine-Pop-Corn-Personnalisation-Hard-Rock-Cafe-500x500.webp 500w, https:\/\/www.latelierfestif.com\/locations\/wp-content\/uploads\/Machine-Pop-Corn-Personnalisation-Hard-Rock-Cafe-768x768.webp 768w\" data-sizes=\"auto, (max-width: 800px) 100vw, 800px\" src=\"data:image\/svg+xml;base64,PHN2ZyB3aWR0aD0iMSIgaGVpZ2h0PSIxIiB4bWxucz0iaHR0cDovL3d3dy53My5vcmcvMjAwMC9zdmciPjwvc3ZnPg==\" \/><button\n\t\t\tclass=\"lightbox-trigger\"\n\t\t\ttype=\"button\"\n\t\t\taria-haspopup=\"dialog\"\n\t\t\taria-label=\"Agrandir\"\n\t\t\tdata-wp-init=\"callbacks.initTriggerButton\"\n\t\t\tdata-wp-on--click=\"actions.showLightbox\"\n\t\t\tdata-wp-style--right=\"state.imageButtonRight\"\n\t\t\tdata-wp-style--top=\"state.imageButtonTop\"\n\t\t>\n\t\t\t<svg xmlns=\"http:\/\/www.w3.org\/2000\/svg\" width=\"12\" height=\"12\" fill=\"none\" viewBox=\"0 0 12 12\">\n\t\t\t\t<path fill=\"#fff\" d=\"M2 0a2 2 0 0 0-2 2v2h1.5V2a.5.5 0 0 1 .5-.5h2V0H2Zm2 10.5H2a.5.5 0 0 1-.5-.5V8H0v2a2 2 0 0 0 2 2h2v-1.5ZM8 12v-1.5h2a.5.5 0 0 0 .5-.5V8H12v2a2 2 0 0 1-2 2H8Zm2-12a2 2 0 0 1 2 2v2h-1.5V2a.5.5 0 0 0-.5-.5H8V0h2Z\" \/>\n\t\t\t<\/svg>\n\t\t<\/button><\/figure>\n\n\n\n<figure data-wp-context=\"{&quot;imageId&quot;:&quot;69f1d0662f64a&quot;}\" data-wp-interactive=\"core\/image\" data-wp-key=\"69f1d0662f64a\" class=\"wp-block-image size-large has-custom-border wp-lightbox-container\"><img decoding=\"async\" width=\"1920\" height=\"2560\" data-wp-class--hide=\"state.isContentHidden\" data-wp-class--show=\"state.isContentVisible\" data-wp-init=\"callbacks.setButtonStyles\" data-wp-on--click=\"actions.showLightbox\" data-wp-on--load=\"callbacks.setButtonStyles\" data-wp-on-window--resize=\"callbacks.setButtonStyles\" data-id=\"32202\" data-src=\"https:\/\/www.latelierfestif.com\/locations\/wp-content\/uploads\/Candy-Bar-2-scaled-1.jpg\" alt=\"\" class=\"wp-image-32202 lazyload\" style=\"--smush-placeholder-width: 1920px; --smush-placeholder-aspect-ratio: 1920\/2560;border-top-left-radius:10px;border-top-right-radius:10px;border-bottom-left-radius:10px;border-bottom-right-radius:10px;aspect-ratio:1\" data-srcset=\"https:\/\/www.latelierfestif.com\/locations\/wp-content\/uploads\/Candy-Bar-2-scaled-1.jpg 1920w, https:\/\/www.latelierfestif.com\/locations\/wp-content\/uploads\/Candy-Bar-2-scaled-1-600x800.jpg 600w, https:\/\/www.latelierfestif.com\/locations\/wp-content\/uploads\/Candy-Bar-2-scaled-1-768x1024.jpg 768w, https:\/\/www.latelierfestif.com\/locations\/wp-content\/uploads\/Candy-Bar-2-scaled-1-1152x1536.jpg 1152w, https:\/\/www.latelierfestif.com\/locations\/wp-content\/uploads\/Candy-Bar-2-scaled-1-1536x2048.jpg 1536w\" data-sizes=\"auto, (max-width: 1920px) 100vw, 1920px\" src=\"data:image\/svg+xml;base64,PHN2ZyB3aWR0aD0iMSIgaGVpZ2h0PSIxIiB4bWxucz0iaHR0cDovL3d3dy53My5vcmcvMjAwMC9zdmciPjwvc3ZnPg==\" \/><button\n\t\t\tclass=\"lightbox-trigger\"\n\t\t\ttype=\"button\"\n\t\t\taria-haspopup=\"dialog\"\n\t\t\taria-label=\"Agrandir\"\n\t\t\tdata-wp-init=\"callbacks.initTriggerButton\"\n\t\t\tdata-wp-on--click=\"actions.showLightbox\"\n\t\t\tdata-wp-style--right=\"state.imageButtonRight\"\n\t\t\tdata-wp-style--top=\"state.imageButtonTop\"\n\t\t>\n\t\t\t<svg xmlns=\"http:\/\/www.w3.org\/2000\/svg\" width=\"12\" height=\"12\" fill=\"none\" viewBox=\"0 0 12 12\">\n\t\t\t\t<path fill=\"#fff\" d=\"M2 0a2 2 0 0 0-2 2v2h1.5V2a.5.5 0 0 1 .5-.5h2V0H2Zm2 10.5H2a.5.5 0 0 1-.5-.5V8H0v2a2 2 0 0 0 2 2h2v-1.5ZM8 12v-1.5h2a.5.5 0 0 0 .5-.5V8H12v2a2 2 0 0 1-2 2H8Zm2-12a2 2 0 0 1 2 2v2h-1.5V2a.5.5 0 0 0-.5-.5H8V0h2Z\" \/>\n\t\t\t<\/svg>\n\t\t<\/button><\/figure>\n<\/figure>\n\n\n\n<h2 class=\"wp-block-heading\">Soigner la d\u00e9coration pour une ambiance printani\u00e8re<\/h2>\n\n\n\n<p>La<strong> r\u00e9ussite d\u2019un \u00e9v\u00e9nement de P\u00e2ques<\/strong> repose aussi sur son ambiance visuelle. Une d\u00e9coration bien pens\u00e9e permet de plonger imm\u00e9diatement les participants dans un univers festif et coh\u00e9rent avec la th\u00e9matique. Les \u00e9l\u00e9ments floraux, les couleurs pastel et les accessoires d\u00e9coratifs inspir\u00e9s du printemps sont particuli\u00e8rement adapt\u00e9s pour cr\u00e9er cette atmosph\u00e8re. <\/p>\n\n\n\n<p>En int\u00e9grant une <a href=\"https:\/\/www.latelierfestif.com\/locations\/catalogue\/decoration\/decoration-florale\/\" data-type=\"product_cat\" data-id=\"171\">d\u00e9coration florale<\/a> et des \u00e9l\u00e9ments naturels, vous apportez une touche d\u2019\u00e9l\u00e9gance et de fra\u00eecheur \u00e0 votre \u00e9v\u00e9nement. Cette mise en sc\u00e8ne contribue \u00e0 valoriser les animations propos\u00e9es et \u00e0 renforcer l\u2019exp\u00e9rience globale.<\/p>\n\n\n\n<p> Elle permet \u00e9galement de cr\u00e9er des espaces photog\u00e9niques, tr\u00e8s appr\u00e9ci\u00e9s des participants. En soignant la d\u00e9coration, vous ne vous contentez pas d\u2019organiser une animation, vous cr\u00e9ez un v\u00e9ritable univers immersif qui marque les esprits.<\/p>\n\n\n\n<h2 class=\"wp-block-heading\">Am\u00e9nager un espace convivial avec du mobilier en bois<\/h2>\n\n\n\n<p>Pour compl\u00e9ter votre \u00e9v\u00e9nement, il est essentiel de penser \u00e0 <strong>l\u2019am\u00e9nagement de l\u2019espace<\/strong> afin de garantir le confort des participants. Le mobilier en bois, comme les tables basses ou les espaces d\u00e9tente, permet de structurer l\u2019\u00e9v\u00e9nement tout en renfor\u00e7ant l\u2019ambiance chaleureuse et naturelle. <\/p>\n\n\n\n<p>Ces espaces offrent aux invit\u00e9s la possibilit\u00e9 de se poser, d\u2019\u00e9changer et de profiter pleinement de l\u2019\u00e9v\u00e9nement. Ils jouent un r\u00f4le cl\u00e9 dans la fluidit\u00e9 globale, en cr\u00e9ant des zones de pause entre les diff\u00e9rentes animations. <\/p>\n\n\n\n<p>En int\u00e9grant du mobilier adapt\u00e9, vous am\u00e9liorez l\u2019exp\u00e9rience utilisateur et contribuez \u00e0 une meilleure organisation de votre \u00e9v\u00e9nement. Cet aspect est souvent sous-estim\u00e9, mais il fait toute la diff\u00e9rence dans la perception globale de votre animation.<\/p>\n\n\n\n<figure class=\"wp-block-gallery has-nested-images columns-3 is-cropped wp-block-gallery-2 is-layout-flex wp-block-gallery-is-layout-flex\">\n<figure data-wp-context=\"{&quot;imageId&quot;:&quot;69f1d06630a69&quot;}\" data-wp-interactive=\"core\/image\" data-wp-key=\"69f1d06630a69\" class=\"wp-block-image size-large has-custom-border wp-lightbox-container\"><img decoding=\"async\" width=\"900\" height=\"1159\" data-wp-class--hide=\"state.isContentHidden\" data-wp-class--show=\"state.isContentVisible\" data-wp-init=\"callbacks.setButtonStyles\" data-wp-on--click=\"actions.showLightbox\" data-wp-on--load=\"callbacks.setButtonStyles\" data-wp-on-window--resize=\"callbacks.setButtonStyles\" data-id=\"32283\" data-src=\"https:\/\/www.latelierfestif.com\/locations\/wp-content\/uploads\/Table-basse-Bois-scenographie.jpg\" alt=\"\" class=\"wp-image-32283 lazyload\" style=\"--smush-placeholder-width: 900px; --smush-placeholder-aspect-ratio: 900\/1159;border-top-left-radius:10px;border-top-right-radius:10px;border-bottom-left-radius:10px;border-bottom-right-radius:10px;aspect-ratio:1\" data-srcset=\"https:\/\/www.latelierfestif.com\/locations\/wp-content\/uploads\/Table-basse-Bois-scenographie.jpg 900w, https:\/\/www.latelierfestif.com\/locations\/wp-content\/uploads\/Table-basse-Bois-scenographie-600x773.jpg 600w, https:\/\/www.latelierfestif.com\/locations\/wp-content\/uploads\/Table-basse-Bois-scenographie-768x989.jpg 768w\" data-sizes=\"auto, (max-width: 900px) 100vw, 900px\" src=\"data:image\/svg+xml;base64,PHN2ZyB3aWR0aD0iMSIgaGVpZ2h0PSIxIiB4bWxucz0iaHR0cDovL3d3dy53My5vcmcvMjAwMC9zdmciPjwvc3ZnPg==\" \/><button\n\t\t\tclass=\"lightbox-trigger\"\n\t\t\ttype=\"button\"\n\t\t\taria-haspopup=\"dialog\"\n\t\t\taria-label=\"Agrandir\"\n\t\t\tdata-wp-init=\"callbacks.initTriggerButton\"\n\t\t\tdata-wp-on--click=\"actions.showLightbox\"\n\t\t\tdata-wp-style--right=\"state.imageButtonRight\"\n\t\t\tdata-wp-style--top=\"state.imageButtonTop\"\n\t\t>\n\t\t\t<svg xmlns=\"http:\/\/www.w3.org\/2000\/svg\" width=\"12\" height=\"12\" fill=\"none\" viewBox=\"0 0 12 12\">\n\t\t\t\t<path fill=\"#fff\" d=\"M2 0a2 2 0 0 0-2 2v2h1.5V2a.5.5 0 0 1 .5-.5h2V0H2Zm2 10.5H2a.5.5 0 0 1-.5-.5V8H0v2a2 2 0 0 0 2 2h2v-1.5ZM8 12v-1.5h2a.5.5 0 0 0 .5-.5V8H12v2a2 2 0 0 1-2 2H8Zm2-12a2 2 0 0 1 2 2v2h-1.5V2a.5.5 0 0 0-.5-.5H8V0h2Z\" \/>\n\t\t\t<\/svg>\n\t\t<\/button><\/figure>\n\n\n\n<figure data-wp-context=\"{&quot;imageId&quot;:&quot;69f1d06630f83&quot;}\" data-wp-interactive=\"core\/image\" data-wp-key=\"69f1d06630f83\" class=\"wp-block-image size-large has-custom-border wp-lightbox-container\"><img decoding=\"async\" width=\"900\" height=\"1159\" data-wp-class--hide=\"state.isContentHidden\" data-wp-class--show=\"state.isContentVisible\" data-wp-init=\"callbacks.setButtonStyles\" data-wp-on--click=\"actions.showLightbox\" data-wp-on--load=\"callbacks.setButtonStyles\" data-wp-on-window--resize=\"callbacks.setButtonStyles\" data-id=\"32284\" data-src=\"https:\/\/www.latelierfestif.com\/locations\/wp-content\/uploads\/Location-Table-Basse-Bois.jpg\" alt=\"\" class=\"wp-image-32284 lazyload\" style=\"--smush-placeholder-width: 900px; --smush-placeholder-aspect-ratio: 900\/1159;border-top-left-radius:10px;border-top-right-radius:10px;border-bottom-left-radius:10px;border-bottom-right-radius:10px;aspect-ratio:1\" data-srcset=\"https:\/\/www.latelierfestif.com\/locations\/wp-content\/uploads\/Location-Table-Basse-Bois.jpg 900w, https:\/\/www.latelierfestif.com\/locations\/wp-content\/uploads\/Location-Table-Basse-Bois-600x773.jpg 600w, https:\/\/www.latelierfestif.com\/locations\/wp-content\/uploads\/Location-Table-Basse-Bois-768x989.jpg 768w\" data-sizes=\"auto, (max-width: 900px) 100vw, 900px\" src=\"data:image\/svg+xml;base64,PHN2ZyB3aWR0aD0iMSIgaGVpZ2h0PSIxIiB4bWxucz0iaHR0cDovL3d3dy53My5vcmcvMjAwMC9zdmciPjwvc3ZnPg==\" \/><button\n\t\t\tclass=\"lightbox-trigger\"\n\t\t\ttype=\"button\"\n\t\t\taria-haspopup=\"dialog\"\n\t\t\taria-label=\"Agrandir\"\n\t\t\tdata-wp-init=\"callbacks.initTriggerButton\"\n\t\t\tdata-wp-on--click=\"actions.showLightbox\"\n\t\t\tdata-wp-style--right=\"state.imageButtonRight\"\n\t\t\tdata-wp-style--top=\"state.imageButtonTop\"\n\t\t>\n\t\t\t<svg xmlns=\"http:\/\/www.w3.org\/2000\/svg\" width=\"12\" height=\"12\" fill=\"none\" viewBox=\"0 0 12 12\">\n\t\t\t\t<path fill=\"#fff\" d=\"M2 0a2 2 0 0 0-2 2v2h1.5V2a.5.5 0 0 1 .5-.5h2V0H2Zm2 10.5H2a.5.5 0 0 1-.5-.5V8H0v2a2 2 0 0 0 2 2h2v-1.5ZM8 12v-1.5h2a.5.5 0 0 0 .5-.5V8H12v2a2 2 0 0 1-2 2H8Zm2-12a2 2 0 0 1 2 2v2h-1.5V2a.5.5 0 0 0-.5-.5H8V0h2Z\" \/>\n\t\t\t<\/svg>\n\t\t<\/button><\/figure>\n\n\n\n<figure data-wp-context=\"{&quot;imageId&quot;:&quot;69f1d0663140a&quot;}\" data-wp-interactive=\"core\/image\" data-wp-key=\"69f1d0663140a\" class=\"wp-block-image size-large has-custom-border wp-lightbox-container\"><img decoding=\"async\" width=\"900\" height=\"1159\" data-wp-class--hide=\"state.isContentHidden\" data-wp-class--show=\"state.isContentVisible\" data-wp-init=\"callbacks.setButtonStyles\" data-wp-on--click=\"actions.showLightbox\" data-wp-on--load=\"callbacks.setButtonStyles\" data-wp-on-window--resize=\"callbacks.setButtonStyles\" data-id=\"32257\" data-src=\"https:\/\/www.latelierfestif.com\/locations\/wp-content\/uploads\/Location-set-de-table-naturel.jpg\" alt=\"\" class=\"wp-image-32257 lazyload\" style=\"--smush-placeholder-width: 900px; --smush-placeholder-aspect-ratio: 900\/1159;border-top-left-radius:10px;border-top-right-radius:10px;border-bottom-left-radius:10px;border-bottom-right-radius:10px;aspect-ratio:1\" data-srcset=\"https:\/\/www.latelierfestif.com\/locations\/wp-content\/uploads\/Location-set-de-table-naturel.jpg 900w, https:\/\/www.latelierfestif.com\/locations\/wp-content\/uploads\/Location-set-de-table-naturel-600x773.jpg 600w, https:\/\/www.latelierfestif.com\/locations\/wp-content\/uploads\/Location-set-de-table-naturel-768x989.jpg 768w\" data-sizes=\"auto, (max-width: 900px) 100vw, 900px\" src=\"data:image\/svg+xml;base64,PHN2ZyB3aWR0aD0iMSIgaGVpZ2h0PSIxIiB4bWxucz0iaHR0cDovL3d3dy53My5vcmcvMjAwMC9zdmciPjwvc3ZnPg==\" \/><button\n\t\t\tclass=\"lightbox-trigger\"\n\t\t\ttype=\"button\"\n\t\t\taria-haspopup=\"dialog\"\n\t\t\taria-label=\"Agrandir\"\n\t\t\tdata-wp-init=\"callbacks.initTriggerButton\"\n\t\t\tdata-wp-on--click=\"actions.showLightbox\"\n\t\t\tdata-wp-style--right=\"state.imageButtonRight\"\n\t\t\tdata-wp-style--top=\"state.imageButtonTop\"\n\t\t>\n\t\t\t<svg xmlns=\"http:\/\/www.w3.org\/2000\/svg\" width=\"12\" height=\"12\" fill=\"none\" viewBox=\"0 0 12 12\">\n\t\t\t\t<path fill=\"#fff\" d=\"M2 0a2 2 0 0 0-2 2v2h1.5V2a.5.5 0 0 1 .5-.5h2V0H2Zm2 10.5H2a.5.5 0 0 1-.5-.5V8H0v2a2 2 0 0 0 2 2h2v-1.5ZM8 12v-1.5h2a.5.5 0 0 0 .5-.5V8H12v2a2 2 0 0 1-2 2H8Zm2-12a2 2 0 0 1 2 2v2h-1.5V2a.5.5 0 0 0-.5-.5H8V0h2Z\" \/>\n\t\t\t<\/svg>\n\t\t<\/button><\/figure>\n<\/figure>\n\n\n\n<h2 class=\"wp-block-heading\">Une organisation fluide pour un \u00e9v\u00e9nement r\u00e9ussi<\/h2>\n\n\n\n<p>Un \u00e9v\u00e9nement de P\u00e2ques r\u00e9ussi repose sur une organisation coh\u00e9rente et bien anticip\u00e9e. Il est important de penser la compl\u00e9mentarit\u00e9 entre les diff\u00e9rentes animations afin de cr\u00e9er une exp\u00e9rience fluide et agr\u00e9able. L\u2019alternance entre jeux, d\u00e9gustation et moments de repos permet de maintenir une dynamique constante sans surcharger les participants.<\/p>\n\n\n\n<p>Il est \u00e9galement essentiel d\u2019adapter votre organisation en fonction du nombre d\u2019invit\u00e9s, de l\u2019espace disponible et des conditions m\u00e9t\u00e9orologiques. Une bonne pr\u00e9paration vous permet d\u2019anticiper les flux et d\u2019\u00e9viter les points de congestion. En structurant votre \u00e9v\u00e9nement de mani\u00e8re intelligente, vous garantissez une exp\u00e9rience positive pour l\u2019ensemble des participants.<\/p>\n\n\n\n<h2 class=\"wp-block-heading\">D\u00e9couvrez nos solutions pour votre \u00e9v\u00e9nement de P\u00e2ques<\/h2>\n\n\n\n<p>Avec L\u2019Atelier Festif, vous b\u00e9n\u00e9ficiez d\u2019un accompagnement complet pour organiser votre \u00e9v\u00e9nement de P\u00e2ques en \u00cele-de-France Sud et en r\u00e9gion Centre. Nous mettons \u00e0 votre disposition une large gamme de solutions incluant jeux en bois, animations gourmandes, d\u00e9coration florale et mobilier \u00e9v\u00e9nementiel, afin de cr\u00e9er une prestation coh\u00e9rente et adapt\u00e9e \u00e0 vos besoins. <\/p>\n\n\n\n<p>Vous pouvez demander un devis sur mesure pour ajuster votre \u00e9v\u00e9nement en fonction du <strong>nombre de participants<\/strong> et de vos contraintes. La r\u00e9servation en ligne facilite l\u2019organisation, tandis que plusieurs options logistiques sont propos\u00e9es : retrait du mat\u00e9riel, livraison sur site ou installation compl\u00e8te pour une prestation cl\u00e9 en main. <\/p>\n\n\n\n<p>La livraison est offerte dans un rayon d\u2019environ <strong>20 km autour de notre d\u00e9p\u00f4t<\/strong>, puis ajust\u00e9e selon la distance. Cet accompagnement vous permet de cr\u00e9er un \u00e9v\u00e9nement fluide, convivial et parfaitement ma\u00eetris\u00e9.<\/p>\n\n\n\n<p>Si vous souhaitez organiser un \u00e9v\u00e9nement de P\u00e2ques original, convivial et parfaitement structur\u00e9, nous vous invitons \u00e0 d\u00e9couvrir l\u2019ensemble de nos solutions de location. Vous y trouverez des id\u00e9es d\u2019animations, des conseils pratiques et une offre compl\u00e8te pour cr\u00e9er un \u00e9v\u00e9nement \u00e0 votre image.<\/p>\n\n\n\n<div class=\"wp-block-buttons is-content-justification-center is-layout-flex wp-container-core-buttons-is-layout-2b69d536 wp-block-buttons-is-layout-flex\" style=\"margin-bottom:var(--wp--preset--spacing--80)\">\n<div class=\"wp-block-button\"><a class=\"wp-block-button__link has-white-color has-black-background-color has-text-color has-background has-link-color has-custom-font-size wp-element-button\" href=\"https:\/\/www.latelierfestif.com\/locations\/event\/paques\/\" style=\"border-radius:8px;padding-top:15px;padding-right:25px;padding-bottom:15px;padding-left:25px;font-size:clamp(14px, 0.875rem + ((1vw - 3.2px) * 0.313), 18px);font-style:normal;font-weight:600\">D\u00e9couvrez notre offre de location P\u00e2ques<\/a><\/div>\n<\/div>\n\n\n\n<h2 class=\"wp-block-heading\">R\u00e9ussir un \u00e9v\u00e9nement de P\u00e2ques inoubliable<\/h2>\n\n\n\n<p>Organiser un \u00e9v\u00e9nement de P\u00e2ques r\u00e9ussi repose sur un \u00e9quilibre entre animations, gourmandise et ambiance. En combinant jeux en bois, stands sucr\u00e9s, d\u00e9coration et mobilier, vous cr\u00e9ez une exp\u00e9rience compl\u00e8te, immersive et adapt\u00e9e \u00e0 tous les publics. Cette approche permet de transformer un simple \u00e9v\u00e9nement en un moment fort, convivial et m\u00e9morable, qui marquera durablement les participants.<\/p>\n","protected":false},"excerpt":{"rendered":"<p>Organisez un \u00e9v\u00e9nement de P\u00e2ques original avec jeux en bois, animations gourmandes et d\u00e9coration pour une ambiance festive et conviviale.<\/p>\n","protected":false},"author":1,"featured_media":34519,"comment_status":"closed","ping_status":"closed","sticky":false,"template":"","format":"standard","meta":{"wds_primary_category":23,"footnotes":""},"categories":[23],"tags":[],"class_list":["post-34515","post","type-post","status-publish","format-standard","has-post-thumbnail","hentry","category-dossiers-locations"],"blocksy_meta":[],"_links":{"self":[{"href":"https:\/\/www.latelierfestif.com\/locations\/wp-json\/wp\/v2\/posts\/34515","targetHints":{"allow":["GET"]}}],"collection":[{"href":"https:\/\/www.latelierfestif.com\/locations\/wp-json\/wp\/v2\/posts"}],"about":[{"href":"https:\/\/www.latelierfestif.com\/locations\/wp-json\/wp\/v2\/types\/post"}],"author":[{"embeddable":true,"href":"https:\/\/www.latelierfestif.com\/locations\/wp-json\/wp\/v2\/users\/1"}],"replies":[{"embeddable":true,"href":"https:\/\/www.latelierfestif.com\/locations\/wp-json\/wp\/v2\/comments?post=34515"}],"version-history":[{"count":0,"href":"https:\/\/www.latelierfestif.com\/locations\/wp-json\/wp\/v2\/posts\/34515\/revisions"}],"wp:featuredmedia":[{"embeddable":true,"href":"https:\/\/www.latelierfestif.com\/locations\/wp-json\/wp\/v2\/media\/34519"}],"wp:attachment":[{"href":"https:\/\/www.latelierfestif.com\/locations\/wp-json\/wp\/v2\/media?parent=34515"}],"wp:term":[{"taxonomy":"category","embeddable":true,"href":"https:\/\/www.latelierfestif.com\/locations\/wp-json\/wp\/v2\/categories?post=34515"},{"taxonomy":"post_tag","embeddable":true,"href":"https:\/\/www.latelierfestif.com\/locations\/wp-json\/wp\/v2\/tags?post=34515"}],"curies":[{"name":"wp","href":"https:\/\/api.w.org\/{rel}","templated":true}]}}