{"id":34503,"date":"2026-03-31T22:07:13","date_gmt":"2026-03-31T21:07:13","guid":{"rendered":"https:\/\/www.latelierfestif.com\/locations\/?p=34503"},"modified":"2026-03-31T22:07:15","modified_gmt":"2026-03-31T21:07:15","slug":"animation-kermesse-machine-barbe-papa","status":"publish","type":"post","link":"https:\/\/www.latelierfestif.com\/locations\/animation-kermesse-machine-barbe-papa\/","title":{"rendered":"Animation kermesse : la machine \u00e0 barbe \u00e0 papa, un incontournable"},"content":{"rendered":"\n<p>Organiser une kermesse scolaire ou associative est un moment fort qui demande \u00e0 la fois organisation, cr\u00e9ativit\u00e9 et capacit\u00e9 \u00e0 proposer des animations adapt\u00e9es \u00e0 tous les publics. Parmi les stands incontournables, certains traversent les g\u00e9n\u00e9rations sans jamais perdre leur popularit\u00e9. <\/p>\n\n\n\n<p>C\u2019est le cas de la <strong>machine \u00e0 barbe \u00e0 papa<\/strong>, v\u00e9ritable symbole de f\u00eate et de convivialit\u00e9. Facile \u00e0 mettre en place, visuelle et accessible, elle attire naturellement les enfants comme les adultes et cr\u00e9e instantan\u00e9ment une ambiance chaleureuse. <\/p>\n\n\n\n<p>Dans un contexte o\u00f9 il est important de proposer des animations simples, efficaces et peu contraignantes, la location d\u2019une machine \u00e0 barbe \u00e0 papa s\u2019impose comme une solution id\u00e9ale. Elle permet de structurer un espace gourmand, de dynamiser l\u2019\u00e9v\u00e9nement et de cr\u00e9er un point de rassemblement central. <\/p>\n\n\n\n<p>D\u00e9couvrez pourquoi cette animation est devenue un incontournable des kermesses et comment l\u2019int\u00e9grer efficacement \u00e0 votre organisation.<\/p>\n\n\n\n<h2 class=\"wp-block-heading\">Un stand gourmand qui attire imm\u00e9diatement<\/h2>\n\n\n\n<p>La machine \u00e0 barbe \u00e0 papa est sans doute l\u2019un des <strong>stands les plus attractifs<\/strong> lors d\u2019une kermesse, gr\u00e2ce \u00e0 son fort pouvoir visuel et sensoriel. D\u00e8s sa mise en route, elle capte l\u2019attention avec le spectacle de la transformation du sucre en filaments l\u00e9gers et color\u00e9s. <\/p>\n\n\n\n<p>Cette dimension visuelle joue un r\u00f4le cl\u00e9 dans l\u2019animation globale, car elle attire naturellement les enfants, mais aussi les parents et les visiteurs. Contrairement \u00e0 certains stands qui n\u00e9cessitent d\u2019\u00eatre expliqu\u00e9s ou anim\u00e9s activement, la barbe \u00e0 papa fonctionne presque seule comme point d\u2019attraction. <\/p>\n\n\n\n<p>Elle cr\u00e9e un flux constant de participants et contribue \u00e0 dynamiser l\u2019ensemble de l\u2019\u00e9v\u00e9nement. En installant ce type d\u2019animation, vous vous assurez de<strong> capter rapidement l\u2019int\u00e9r\u00eat des visiteurs<\/strong> et de maintenir une ambiance festive tout au long de la journ\u00e9e. C\u2019est un v\u00e9ritable levier pour r\u00e9ussir votre kermesse.<\/p>\n\n\n\n<figure class=\"wp-block-gallery has-nested-images columns-default is-cropped wp-block-gallery-1 is-layout-flex wp-block-gallery-is-layout-flex\">\n<figure data-wp-context=\"{&quot;imageId&quot;:&quot;69f1ce01b3e92&quot;}\" data-wp-interactive=\"core\/image\" data-wp-key=\"69f1ce01b3e92\" class=\"wp-block-image size-large has-custom-border wp-lightbox-container\"><img decoding=\"async\" width=\"800\" height=\"800\" data-wp-class--hide=\"state.isContentHidden\" data-wp-class--show=\"state.isContentVisible\" data-wp-init=\"callbacks.setButtonStyles\" data-wp-on--click=\"actions.showLightbox\" data-wp-on--load=\"callbacks.setButtonStyles\" data-wp-on-window--resize=\"callbacks.setButtonStyles\" data-id=\"34506\" data-src=\"https:\/\/www.latelierfestif.com\/locations\/wp-content\/uploads\/Location-Barbe-Papa-Printemps.webp\" alt=\"Location Barbe Papa Printemps\" class=\"wp-image-34506 lazyload\" style=\"--smush-placeholder-width: 800px; --smush-placeholder-aspect-ratio: 800\/800;border-top-left-radius:10px;border-top-right-radius:10px;border-bottom-left-radius:10px;border-bottom-right-radius:10px\" data-srcset=\"https:\/\/www.latelierfestif.com\/locations\/wp-content\/uploads\/Location-Barbe-Papa-Printemps.webp 800w, https:\/\/www.latelierfestif.com\/locations\/wp-content\/uploads\/Location-Barbe-Papa-Printemps-768x768.webp 768w, https:\/\/www.latelierfestif.com\/locations\/wp-content\/uploads\/Location-Barbe-Papa-Printemps-500x500.webp 500w, https:\/\/www.latelierfestif.com\/locations\/wp-content\/uploads\/Location-Barbe-Papa-Printemps-300x300.webp 300w, https:\/\/www.latelierfestif.com\/locations\/wp-content\/uploads\/Location-Barbe-Papa-Printemps-600x600.webp 600w, https:\/\/www.latelierfestif.com\/locations\/wp-content\/uploads\/Location-Barbe-Papa-Printemps-100x100.webp 100w\" data-sizes=\"auto, (max-width: 800px) 100vw, 800px\" src=\"data:image\/svg+xml;base64,PHN2ZyB3aWR0aD0iMSIgaGVpZ2h0PSIxIiB4bWxucz0iaHR0cDovL3d3dy53My5vcmcvMjAwMC9zdmciPjwvc3ZnPg==\" \/><button\n\t\t\tclass=\"lightbox-trigger\"\n\t\t\ttype=\"button\"\n\t\t\taria-haspopup=\"dialog\"\n\t\t\taria-label=\"Agrandir\"\n\t\t\tdata-wp-init=\"callbacks.initTriggerButton\"\n\t\t\tdata-wp-on--click=\"actions.showLightbox\"\n\t\t\tdata-wp-style--right=\"state.imageButtonRight\"\n\t\t\tdata-wp-style--top=\"state.imageButtonTop\"\n\t\t>\n\t\t\t<svg xmlns=\"http:\/\/www.w3.org\/2000\/svg\" width=\"12\" height=\"12\" fill=\"none\" viewBox=\"0 0 12 12\">\n\t\t\t\t<path fill=\"#fff\" d=\"M2 0a2 2 0 0 0-2 2v2h1.5V2a.5.5 0 0 1 .5-.5h2V0H2Zm2 10.5H2a.5.5 0 0 1-.5-.5V8H0v2a2 2 0 0 0 2 2h2v-1.5ZM8 12v-1.5h2a.5.5 0 0 0 .5-.5V8H12v2a2 2 0 0 1-2 2H8Zm2-12a2 2 0 0 1 2 2v2h-1.5V2a.5.5 0 0 0-.5-.5H8V0h2Z\" \/>\n\t\t\t<\/svg>\n\t\t<\/button><\/figure>\n\n\n\n<figure data-wp-context=\"{&quot;imageId&quot;:&quot;69f1ce01b43ee&quot;}\" data-wp-interactive=\"core\/image\" data-wp-key=\"69f1ce01b43ee\" class=\"wp-block-image size-large has-custom-border wp-lightbox-container\"><img decoding=\"async\" width=\"800\" height=\"800\" data-wp-class--hide=\"state.isContentHidden\" data-wp-class--show=\"state.isContentVisible\" data-wp-init=\"callbacks.setButtonStyles\" data-wp-on--click=\"actions.showLightbox\" data-wp-on--load=\"callbacks.setButtonStyles\" data-wp-on-window--resize=\"callbacks.setButtonStyles\" data-id=\"34507\" data-src=\"https:\/\/www.latelierfestif.com\/locations\/wp-content\/uploads\/Location-Barbe-Papa-Noel.webp\" alt=\"Location Barbe Papa Noel\" class=\"wp-image-34507 lazyload\" style=\"--smush-placeholder-width: 800px; --smush-placeholder-aspect-ratio: 800\/800;border-top-left-radius:10px;border-top-right-radius:10px;border-bottom-left-radius:10px;border-bottom-right-radius:10px\" data-srcset=\"https:\/\/www.latelierfestif.com\/locations\/wp-content\/uploads\/Location-Barbe-Papa-Noel.webp 800w, https:\/\/www.latelierfestif.com\/locations\/wp-content\/uploads\/Location-Barbe-Papa-Noel-768x768.webp 768w, https:\/\/www.latelierfestif.com\/locations\/wp-content\/uploads\/Location-Barbe-Papa-Noel-500x500.webp 500w, https:\/\/www.latelierfestif.com\/locations\/wp-content\/uploads\/Location-Barbe-Papa-Noel-300x300.webp 300w, https:\/\/www.latelierfestif.com\/locations\/wp-content\/uploads\/Location-Barbe-Papa-Noel-600x600.webp 600w, https:\/\/www.latelierfestif.com\/locations\/wp-content\/uploads\/Location-Barbe-Papa-Noel-100x100.webp 100w\" data-sizes=\"auto, (max-width: 800px) 100vw, 800px\" src=\"data:image\/svg+xml;base64,PHN2ZyB3aWR0aD0iMSIgaGVpZ2h0PSIxIiB4bWxucz0iaHR0cDovL3d3dy53My5vcmcvMjAwMC9zdmciPjwvc3ZnPg==\" \/><button\n\t\t\tclass=\"lightbox-trigger\"\n\t\t\ttype=\"button\"\n\t\t\taria-haspopup=\"dialog\"\n\t\t\taria-label=\"Agrandir\"\n\t\t\tdata-wp-init=\"callbacks.initTriggerButton\"\n\t\t\tdata-wp-on--click=\"actions.showLightbox\"\n\t\t\tdata-wp-style--right=\"state.imageButtonRight\"\n\t\t\tdata-wp-style--top=\"state.imageButtonTop\"\n\t\t>\n\t\t\t<svg xmlns=\"http:\/\/www.w3.org\/2000\/svg\" width=\"12\" height=\"12\" fill=\"none\" viewBox=\"0 0 12 12\">\n\t\t\t\t<path fill=\"#fff\" d=\"M2 0a2 2 0 0 0-2 2v2h1.5V2a.5.5 0 0 1 .5-.5h2V0H2Zm2 10.5H2a.5.5 0 0 1-.5-.5V8H0v2a2 2 0 0 0 2 2h2v-1.5ZM8 12v-1.5h2a.5.5 0 0 0 .5-.5V8H12v2a2 2 0 0 1-2 2H8Zm2-12a2 2 0 0 1 2 2v2h-1.5V2a.5.5 0 0 0-.5-.5H8V0h2Z\" \/>\n\t\t\t<\/svg>\n\t\t<\/button><\/figure>\n<\/figure>\n\n\n\n<h2 class=\"wp-block-heading\">Une animation parfaite pour tous les publics<\/h2>\n\n\n\n<p>L\u2019un des grands avantages de la barbe \u00e0 papa est sa capacit\u00e9 \u00e0 s\u2019adapter \u00e0 tous les profils pr\u00e9sents lors d\u2019une kermesse. Les enfants sont naturellement attir\u00e9s par son <strong>aspect ludique et sucr\u00e9<\/strong>, tandis que les adultes y retrouvent une dimension nostalgique qui les replonge dans leurs souvenirs d\u2019enfance. <\/p>\n\n\n\n<p>Cette double lecture en fait une animation interg\u00e9n\u00e9rationnelle particuli\u00e8rement pertinente pour les \u00e9v\u00e9nements scolaires et associatifs. Contrairement \u00e0 certaines activit\u00e9s qui ciblent uniquement une tranche d\u2019\u00e2ge, la machine \u00e0 barbe \u00e0 papa permet de cr\u00e9er un moment de partage accessible \u00e0 tous. <\/p>\n\n\n\n<p>Elle favorise les \u00e9changes, les interactions et contribue \u00e0 renforcer le lien entre les participants. Dans une kermesse, o\u00f9 l\u2019objectif est de rassembler et de cr\u00e9er du lien, cette dimension est essentielle. Elle participe activement \u00e0 la r\u00e9ussite globale de l\u2019\u00e9v\u00e9nement.<\/p>\n\n\n\n<h2 class=\"wp-block-heading\">Un stand rentable et facile \u00e0 g\u00e9rer<\/h2>\n\n\n\n<p>Au-del\u00e0 de son aspect ludique, la <strong>machine \u00e0 barbe \u00e0 papa<\/strong> repr\u00e9sente \u00e9galement une excellente opportunit\u00e9 pour g\u00e9n\u00e9rer des revenus lors d\u2019une kermesse. Facile \u00e0 exploiter, elle n\u00e9cessite peu de mat\u00e9riel et permet de produire rapidement un grand nombre de portions.<\/p>\n\n\n\n<p>Cette simplicit\u00e9 en fait un stand id\u00e9al pour les associations, les \u00e9coles ou les comit\u00e9s d\u2019organisation qui souhaitent proposer une activit\u00e9 rentable sans complexifier la logistique. Les co\u00fbts de fonctionnement restent faibles, tandis que la demande est g\u00e9n\u00e9ralement tr\u00e8s forte, ce qui garantit un bon rendement. <\/p>\n\n\n\n<p>De plus, la gestion du stand peut \u00eatre assur\u00e9e par des b\u00e9n\u00e9voles apr\u00e8s une courte prise en main, ce qui facilite l\u2019organisation. En int\u00e9grant une machine \u00e0 barbe \u00e0 papa \u00e0 votre kermesse, vous combinez animation et rentabilit\u00e9, un duo particuli\u00e8rement int\u00e9ressant pour ce type d\u2019\u00e9v\u00e9nement.<\/p>\n\n\n\n<h2 class=\"wp-block-heading\">Une installation simple et rapide<\/h2>\n\n\n\n<p>La r\u00e9ussite d\u2019une kermesse repose aussi sur la capacit\u00e9 \u00e0 mettre en place des animations rapidement et efficacement. La machine \u00e0 barbe \u00e0 papa r\u00e9pond parfaitement \u00e0 cet enjeu gr\u00e2ce \u00e0 sa simplicit\u00e9 d\u2019installation et d\u2019utilisation. <\/p>\n\n\n\n<p>Elle peut \u00eatre install\u00e9e aussi bien en ext\u00e9rieur qu\u2019en int\u00e9rieur, sous un stand, un pr\u00e9au ou dans une salle, ce qui permet de s\u2019adapter facilement aux conditions m\u00e9t\u00e9orologiques. Une fois en place, elle est imm\u00e9diatement op\u00e9rationnelle et ne n\u00e9cessite pas de comp\u00e9tences techniques particuli\u00e8res. <\/p>\n\n\n\n<p>Cette facilit\u00e9 d\u2019utilisation <strong>permet aux organisateurs de gagner du temps<\/strong> et de se concentrer sur d\u2019autres aspects de l\u2019\u00e9v\u00e9nement. Elle r\u00e9duit \u00e9galement le stress li\u00e9 \u00e0 la mise en place, un point important lors d\u2019une kermesse o\u00f9 les ressources humaines sont souvent limit\u00e9es. C\u2019est une solution pratique, fiable et rassurante.<\/p>\n\n\n\n<h2 class=\"wp-block-heading\">Une solution adapt\u00e9e avec L\u2019Atelier Festif<\/h2>\n\n\n\n<p>Avec , vous b\u00e9n\u00e9ficiez d\u2019une solution compl\u00e8te pour la <strong>location de machine \u00e0 barbe \u00e0 papa en \u00cele-de-France Sud et en r\u00e9gion Centre<\/strong>, parfaitement adapt\u00e9e aux kermesses scolaires et associatives. Nous vous accompagnons dans le choix de votre mat\u00e9riel en fonction du nombre de participants, de l\u2019espace disponible et de vos objectifs. <\/p>\n\n\n\n<p>Vous pouvez demander un devis sur mesure afin d\u2019adapter votre prestation \u00e0 votre \u00e9v\u00e9nement, puis r\u00e9server facilement en ligne. Plusieurs options sont disponibles pour simplifier votre organisation : retrait du mat\u00e9riel, livraison sur site ou installation compl\u00e8te pour une prestation cl\u00e9 en main. <\/p>\n\n\n\n<p>La <strong>livraison est offerte<\/strong> dans un rayon d\u2019environ 20 km autour de notre d\u00e9p\u00f4t, puis ajust\u00e9e selon la distance. Cet accompagnement vous permet de mettre en place un stand gourmand efficace, sans contrainte logistique.<\/p>\n\n\n\n<h2 class=\"wp-block-heading\">Associer la barbe \u00e0 papa \u00e0 d\u2019autres animations<\/h2>\n\n\n\n<p>Pour maximiser l\u2019impact de votre kermesse, il est particuli\u00e8rement int\u00e9ressant de combiner la machine \u00e0 barbe \u00e0 papa avec d\u2019autres <strong>animations compl\u00e9mentaires<\/strong>. Les jeux en bois, par exemple, constituent un excellent duo avec les stands gourmands, car ils permettent d\u2019alterner les moments de d\u00e9gustation avec des activit\u00e9s ludiques. <\/p>\n\n\n\n<p>Cette compl\u00e9mentarit\u00e9 cr\u00e9e une dynamique fluide et \u00e9vite les temps morts. Elle permet \u00e9galement de r\u00e9partir les <strong>flux de participants<\/strong> sur diff\u00e9rents p\u00f4les, ce qui am\u00e9liore l\u2019organisation globale de l\u2019\u00e9v\u00e9nement. <\/p>\n\n\n\n<p>En diversifiant les animations, vous enrichissez l\u2019exp\u00e9rience propos\u00e9e et augmentez l\u2019attractivit\u00e9 de votre kermesse. Cette approche est id\u00e9ale pour cr\u00e9er une ambiance festive, \u00e9quilibr\u00e9e et m\u00e9morable.<\/p>\n\n\n\n<h2 class=\"wp-block-heading\">D\u00e9couvrez nos solutions de location<\/h2>\n\n\n\n<p>Si vous souhaitez proposer une animation gourmande, conviviale et facile \u00e0 mettre en place lors de votre kermesse, la <strong>machine \u00e0 barbe \u00e0 papa<\/strong> est un choix incontournable. Pour d\u00e9couvrir l\u2019ensemble de nos prestations et organiser un \u00e9v\u00e9nement r\u00e9ussi, nous vous invitons \u00e0 consulter notre page d\u00e9di\u00e9e \u00e0 la location de machine \u00e0 barbe \u00e0 papa en \u00cele-de-France Sud et en r\u00e9gion Centre.<\/p>\n\n\n\n<div class=\"wp-block-buttons is-content-justification-center is-layout-flex wp-container-core-buttons-is-layout-2b69d536 wp-block-buttons-is-layout-flex\" style=\"margin-bottom:var(--wp--preset--spacing--80)\">\n<div class=\"wp-block-button\"><a class=\"wp-block-button__link has-white-color has-black-background-color has-text-color has-background has-link-color has-custom-font-size wp-element-button\" href=\"https:\/\/www.latelierfestif.com\/locations\/catalogue\/materiel-de-restauration\/\" style=\"border-radius:8px;padding-top:15px;padding-right:25px;padding-bottom:15px;padding-left:25px;font-size:clamp(14px, 0.875rem + ((1vw - 3.2px) * 0.313), 18px);font-style:normal;font-weight:600\">D\u00e9couvrez notre offre : Location de machine \u00e0 barbe \u00e0 papa<\/a><\/div>\n<\/div>\n\n\n\n<h2 class=\"wp-block-heading\">Une animation incontournable pour une kermesse r\u00e9ussie<\/h2>\n\n\n\n<p>La machine \u00e0 barbe \u00e0 papa s\u2019impose comme un \u00e9l\u00e9ment central dans l\u2019organisation d\u2019une <a href=\"https:\/\/www.latelierfestif.com\/locations\/event\/kermesse\/\" data-type=\"product_tag\" data-id=\"34\">kermesse r\u00e9ussie<\/a>. \u00c0 la fois simple, attractive et rentable, elle permet de cr\u00e9er une ambiance festive tout en r\u00e9pondant aux attentes des participants. <\/p>\n\n\n\n<p>En l\u2019int\u00e9grant \u00e0 votre \u00e9v\u00e9nement, vous offrez une <strong>exp\u00e9rience gourmande et conviviale<\/strong> qui marquera les esprits et contribuera au succ\u00e8s de votre journ\u00e9e.<\/p>\n","protected":false},"excerpt":{"rendered":"<p>Animation kermesse : louez une machine \u00e0 barbe \u00e0 papa pour cr\u00e9er un stand gourmand, attractif et rentable qui s\u00e9duira petits et grands.<\/p>\n","protected":false},"author":1,"featured_media":34512,"comment_status":"closed","ping_status":"closed","sticky":false,"template":"","format":"standard","meta":{"wds_primary_category":23,"footnotes":""},"categories":[23],"tags":[],"class_list":["post-34503","post","type-post","status-publish","format-standard","has-post-thumbnail","hentry","category-dossiers-locations"],"blocksy_meta":[],"_links":{"self":[{"href":"https:\/\/www.latelierfestif.com\/locations\/wp-json\/wp\/v2\/posts\/34503","targetHints":{"allow":["GET"]}}],"collection":[{"href":"https:\/\/www.latelierfestif.com\/locations\/wp-json\/wp\/v2\/posts"}],"about":[{"href":"https:\/\/www.latelierfestif.com\/locations\/wp-json\/wp\/v2\/types\/post"}],"author":[{"embeddable":true,"href":"https:\/\/www.latelierfestif.com\/locations\/wp-json\/wp\/v2\/users\/1"}],"replies":[{"embeddable":true,"href":"https:\/\/www.latelierfestif.com\/locations\/wp-json\/wp\/v2\/comments?post=34503"}],"version-history":[{"count":0,"href":"https:\/\/www.latelierfestif.com\/locations\/wp-json\/wp\/v2\/posts\/34503\/revisions"}],"wp:featuredmedia":[{"embeddable":true,"href":"https:\/\/www.latelierfestif.com\/locations\/wp-json\/wp\/v2\/media\/34512"}],"wp:attachment":[{"href":"https:\/\/www.latelierfestif.com\/locations\/wp-json\/wp\/v2\/media?parent=34503"}],"wp:term":[{"taxonomy":"category","embeddable":true,"href":"https:\/\/www.latelierfestif.com\/locations\/wp-json\/wp\/v2\/categories?post=34503"},{"taxonomy":"post_tag","embeddable":true,"href":"https:\/\/www.latelierfestif.com\/locations\/wp-json\/wp\/v2\/tags?post=34503"}],"curies":[{"name":"wp","href":"https:\/\/api.w.org\/{rel}","templated":true}]}}