{"id":34496,"date":"2026-03-31T21:53:44","date_gmt":"2026-03-31T20:53:44","guid":{"rendered":"https:\/\/www.latelierfestif.com\/locations\/?p=34496"},"modified":"2026-03-31T21:53:45","modified_gmt":"2026-03-31T20:53:45","slug":"pourquoi-louer-machine-barbe-papa-anniversaire","status":"publish","type":"post","link":"https:\/\/www.latelierfestif.com\/locations\/pourquoi-louer-machine-barbe-papa-anniversaire\/","title":{"rendered":"Pourquoi louer une machine \u00e0 barbe \u00e0 papa pour un anniversaire ?"},"content":{"rendered":"\n<p>Organiser un anniversaire, en particulier pour un enfant, est toujours un moment important qui demande \u00e0 la fois cr\u00e9ativit\u00e9, organisation et envie de faire plaisir. Aujourd\u2019hui, les attentes ont \u00e9volu\u00e9 : il ne suffit plus d\u2019un simple g\u00e2teau pour marquer les esprits, les parents recherchent d\u00e9sormais des animations originales, conviviales et m\u00e9morables. <\/p>\n\n\n\n<p>Dans ce contexte, la <strong>location de machine \u00e0 barbe \u00e0 papa<\/strong> s\u2019impose comme une solution id\u00e9ale pour apporter une touche \u00e0 la fois gourmande et festive \u00e0 votre \u00e9v\u00e9nement. V\u00e9ritable symbole de f\u00eate et de plaisir, la barbe \u00e0 papa s\u00e9duit imm\u00e9diatement les enfants\u2026 mais aussi les adultes, gr\u00e2ce \u00e0 son c\u00f4t\u00e9 r\u00e9gressif et nostalgique. <\/p>\n\n\n\n<p>Facile \u00e0 mettre en place, visuelle et interactive, cette animation transforme instantan\u00e9ment l\u2019ambiance d\u2019un anniversaire en cr\u00e9ant un espace d\u2019\u00e9change, de partage et de plaisir. D\u00e9couvrez pourquoi elle rencontre un tel succ\u00e8s et comment l\u2019int\u00e9grer efficacement \u00e0 votre f\u00eate.<\/p>\n\n\n\n<h2 class=\"wp-block-heading\">Une animation qui fait l\u2019unanimit\u00e9 aupr\u00e8s des enfants<\/h2>\n\n\n\n<p>La barbe \u00e0 papa poss\u00e8de un pouvoir d\u2019attraction unique aupr\u00e8s des enfants, qui en fait une animation particuli\u00e8rement efficace pour un anniversaire. D\u00e8s les premiers instants, la machine attire les regards gr\u00e2ce \u00e0 son <strong>fonctionnement spectaculaire<\/strong> et \u00e0 la transformation du sucre en filaments l\u00e9gers et color\u00e9s. <\/p>\n\n\n\n<p>Ce c\u00f4t\u00e9 visuel cr\u00e9e imm\u00e9diatement de la curiosit\u00e9 et de l\u2019enthousiasme, contribuant \u00e0 installer une ambiance festive d\u00e8s le d\u00e9but de l\u2019\u00e9v\u00e9nement. Contrairement \u00e0 certaines animations qui peuvent ne concerner qu\u2019un petit groupe, la barbe \u00e0 papa rassemble tous les enfants autour d\u2019un moment commun, accessible et compr\u00e9hensible par tous. <\/p>\n\n\n\n<p>Chacun peut observer, attendre son tour et profiter de l\u2019exp\u00e9rience, ce qui<strong> favorise les interactions et la convivialit\u00e9<\/strong>. De plus, elle s\u2019adapte \u00e0 tous les \u00e2ges, ce qui est particuli\u00e8rement int\u00e9ressant lorsque les groupes sont h\u00e9t\u00e9rog\u00e8nes. <\/p>\n\n\n\n<p>En int\u00e9grant une machine \u00e0 barbe \u00e0 papa, vous \u00eates assur\u00e9 de proposer une animation simple, efficace et imm\u00e9diatement appr\u00e9ci\u00e9e.<\/p>\n\n\n\n<h2 class=\"wp-block-heading\">Une ambiance festive et conviviale garantie<\/h2>\n\n\n\n<p>Au-del\u00e0 de son aspect gourmand, la barbe \u00e0 papa joue un r\u00f4le essentiel dans la cr\u00e9ation d\u2019une ambiance chaleureuse et dynamique. Elle agit comme un v\u00e9ritable point de rassemblement, autour duquel les invit\u00e9s se retrouvent naturellement pour \u00e9changer, rire et partager un moment convivial. <\/p>\n\n\n\n<p>Lors d\u2019un anniversaire, il peut parfois y avoir des temps calmes ou des moments o\u00f9 les enfants ne savent pas quoi faire ; la pr\u00e9sence de la machine permet de structurer ces instants en offrant une activit\u00e9 continue et engageante. Elle peut \u00e9galement \u00eatre utilis\u00e9e comme animation centrale ou en compl\u00e9ment d\u2019autres activit\u00e9s, comme des jeux en bois ou des ateliers cr\u00e9atifs. <\/p>\n\n\n\n<p>Son c\u00f4t\u00e9 interactif, avec la fabrication en direct, renforce l\u2019exp\u00e9rience et donne aux invit\u00e9s le <strong>sentiment de participer \u00e0 quelque chose de sp\u00e9cial<\/strong>. En choisissant cette animation, vous cr\u00e9ez une atmosph\u00e8re vivante et festive qui contribue fortement \u00e0 la r\u00e9ussite de votre \u00e9v\u00e9nement.<\/p>\n\n\n\n<h2 class=\"wp-block-heading\">Une animation qui pla\u00eet aussi aux adultes<\/h2>\n\n\n\n<p>L\u2019un des grands avantages de la machine \u00e0 barbe \u00e0 papa est sa capacit\u00e9 \u00e0 s\u00e9duire toutes les g\u00e9n\u00e9rations. Si elle est naturellement tr\u00e8s appr\u00e9ci\u00e9e des enfants, elle \u00e9voque \u00e9galement chez les adultes des souvenirs d\u2019enfance li\u00e9s aux f\u00eates foraines, aux march\u00e9s ou aux \u00e9v\u00e9nements festifs. <\/p>\n\n\n\n<p>Cette dimension nostalgique cr\u00e9e un v\u00e9ritable pont entre les g\u00e9n\u00e9rations, permettant aux parents et aux invit\u00e9s de partager un moment de plaisir avec les plus jeunes. Dans le cadre d\u2019un anniversaire, cela contribue \u00e0 <strong>renforcer l\u2019ambiance globale<\/strong> et \u00e0 \u00e9viter que les adultes restent en retrait. Ils participent, \u00e9changent et s\u2019impliquent davantage dans l\u2019\u00e9v\u00e9nement. <\/p>\n\n\n\n<p>Cette interaction interg\u00e9n\u00e9rationnelle est un \u00e9l\u00e9ment cl\u00e9 pour cr\u00e9er une atmosph\u00e8re chaleureuse et r\u00e9ussie. En int\u00e9grant une animation gourmande comme la barbe \u00e0 papa, vous d\u00e9passez le simple cadre de l\u2019anniversaire pour proposer une exp\u00e9rience collective, conviviale et m\u00e9morable pour tous les participants.<\/p>\n\n\n\n<h2 class=\"wp-block-heading\">Une solution simple \u00e0 mettre en place<\/h2>\n\n\n\n<p>Contrairement \u00e0 certaines animations qui n\u00e9cessitent une organisation complexe, la location d\u2019une machine \u00e0 barbe \u00e0 papa est une solution particuli\u00e8rement simple et accessible. La machine est con\u00e7ue pour \u00eatre utilis\u00e9e facilement, m\u00eame par des personnes n\u2019ayant aucune exp\u00e9rience pr\u00e9alable. <\/p>\n\n\n\n<p>En quelques minutes, <strong>elle est pr\u00eate \u00e0 fonctionner<\/strong> et permet de produire des barbes \u00e0 papa de mani\u00e8re continue tout au long de l\u2019\u00e9v\u00e9nement. Cette simplicit\u00e9 d\u2019utilisation est un atout majeur pour les parents ou les organisateurs, qui peuvent ainsi se concentrer sur le reste de la f\u00eate sans contrainte technique. <\/p>\n\n\n\n<p>De plus, l\u2019installation peut \u00eatre r\u00e9alis\u00e9e aussi bien en int\u00e9rieur qu\u2019en ext\u00e9rieur, ce qui offre une grande flexibilit\u00e9 en fonction du lieu et de la m\u00e9t\u00e9o. Cette facilit\u00e9 de mise en \u0153uvre fait de la barbe \u00e0 papa une animation accessible \u00e0 tous, sans stress ni complexit\u00e9.<\/p>\n\n\n\n<figure class=\"wp-block-gallery has-nested-images columns-default is-cropped wp-block-gallery-1 is-layout-flex wp-block-gallery-is-layout-flex\">\n<figure class=\"wp-block-image size-large\"><img decoding=\"async\" width=\"900\" height=\"800\" data-id=\"32158\" data-src=\"https:\/\/www.latelierfestif.com\/locations\/wp-content\/uploads\/Machine-Barbe-Papa-1.jpg\" alt=\"\" class=\"wp-image-32158 lazyload\" data-srcset=\"https:\/\/www.latelierfestif.com\/locations\/wp-content\/uploads\/Machine-Barbe-Papa-1.jpg 900w, https:\/\/www.latelierfestif.com\/locations\/wp-content\/uploads\/Machine-Barbe-Papa-1-600x533.jpg 600w, https:\/\/www.latelierfestif.com\/locations\/wp-content\/uploads\/Machine-Barbe-Papa-1-768x683.jpg 768w\" data-sizes=\"auto, (max-width: 900px) 100vw, 900px\" src=\"data:image\/svg+xml;base64,PHN2ZyB3aWR0aD0iMSIgaGVpZ2h0PSIxIiB4bWxucz0iaHR0cDovL3d3dy53My5vcmcvMjAwMC9zdmciPjwvc3ZnPg==\" style=\"--smush-placeholder-width: 900px; --smush-placeholder-aspect-ratio: 900\/800;\" \/><\/figure>\n\n\n\n<figure class=\"wp-block-image size-large\"><img decoding=\"async\" width=\"900\" height=\"800\" data-id=\"32159\" data-src=\"https:\/\/www.latelierfestif.com\/locations\/wp-content\/uploads\/Machine-Barbe-Papa-3.jpg\" alt=\"\" class=\"wp-image-32159 lazyload\" data-srcset=\"https:\/\/www.latelierfestif.com\/locations\/wp-content\/uploads\/Machine-Barbe-Papa-3.jpg 900w, https:\/\/www.latelierfestif.com\/locations\/wp-content\/uploads\/Machine-Barbe-Papa-3-600x533.jpg 600w, https:\/\/www.latelierfestif.com\/locations\/wp-content\/uploads\/Machine-Barbe-Papa-3-768x683.jpg 768w\" data-sizes=\"auto, (max-width: 900px) 100vw, 900px\" src=\"data:image\/svg+xml;base64,PHN2ZyB3aWR0aD0iMSIgaGVpZ2h0PSIxIiB4bWxucz0iaHR0cDovL3d3dy53My5vcmcvMjAwMC9zdmciPjwvc3ZnPg==\" style=\"--smush-placeholder-width: 900px; --smush-placeholder-aspect-ratio: 900\/800;\" \/><\/figure>\n\n\n\n<figure class=\"wp-block-image size-large\"><img decoding=\"async\" width=\"900\" height=\"800\" data-id=\"32160\" data-src=\"https:\/\/www.latelierfestif.com\/locations\/wp-content\/uploads\/Machine-Barbe-Papa-2.jpg\" alt=\"\" class=\"wp-image-32160 lazyload\" data-srcset=\"https:\/\/www.latelierfestif.com\/locations\/wp-content\/uploads\/Machine-Barbe-Papa-2.jpg 900w, https:\/\/www.latelierfestif.com\/locations\/wp-content\/uploads\/Machine-Barbe-Papa-2-600x533.jpg 600w, https:\/\/www.latelierfestif.com\/locations\/wp-content\/uploads\/Machine-Barbe-Papa-2-768x683.jpg 768w\" data-sizes=\"auto, (max-width: 900px) 100vw, 900px\" src=\"data:image\/svg+xml;base64,PHN2ZyB3aWR0aD0iMSIgaGVpZ2h0PSIxIiB4bWxucz0iaHR0cDovL3d3dy53My5vcmcvMjAwMC9zdmciPjwvc3ZnPg==\" style=\"--smush-placeholder-width: 900px; --smush-placeholder-aspect-ratio: 900\/800;\" \/><\/figure>\n\n\n\n<figure class=\"wp-block-image size-large\"><img decoding=\"async\" width=\"900\" height=\"800\" data-id=\"32161\" data-src=\"https:\/\/www.latelierfestif.com\/locations\/wp-content\/uploads\/Machine-Barbe-Papa-4.jpg\" alt=\"\" class=\"wp-image-32161 lazyload\" data-srcset=\"https:\/\/www.latelierfestif.com\/locations\/wp-content\/uploads\/Machine-Barbe-Papa-4.jpg 900w, https:\/\/www.latelierfestif.com\/locations\/wp-content\/uploads\/Machine-Barbe-Papa-4-600x533.jpg 600w, https:\/\/www.latelierfestif.com\/locations\/wp-content\/uploads\/Machine-Barbe-Papa-4-768x683.jpg 768w\" data-sizes=\"auto, (max-width: 900px) 100vw, 900px\" src=\"data:image\/svg+xml;base64,PHN2ZyB3aWR0aD0iMSIgaGVpZ2h0PSIxIiB4bWxucz0iaHR0cDovL3d3dy53My5vcmcvMjAwMC9zdmciPjwvc3ZnPg==\" style=\"--smush-placeholder-width: 900px; --smush-placeholder-aspect-ratio: 900\/800;\" \/><\/figure>\n<\/figure>\n\n\n\n<h2 class=\"wp-block-heading\">Une animation cl\u00e9 en main avec L\u2019Atelier Festif<\/h2>\n\n\n\n<p>Avec L\u2019Atelier Festif, vous b\u00e9n\u00e9ficiez d\u2019une solution compl\u00e8te pour la <strong>location de machine \u00e0 barbe \u00e0 papa en \u00cele-de-France Sud et en r\u00e9gion Centre<\/strong>, parfaitement adapt\u00e9e aux anniversaires. Nous vous proposons un accompagnement personnalis\u00e9 afin de vous aider \u00e0 choisir la formule la plus adapt\u00e9e \u00e0 votre \u00e9v\u00e9nement. <\/p>\n\n\n\n<p>Vous pouvez r\u00e9aliser un devis sur mesure en fonction du nombre d\u2019invit\u00e9s et de vos besoins sp\u00e9cifiques, puis effectuer votre r\u00e9servation en ligne en toute simplicit\u00e9. Plusieurs options sont disponibles : retrait du mat\u00e9riel, livraison sur le lieu de votre \u00e9v\u00e9nement ou installation compl\u00e8te pour une prestation cl\u00e9 en main. <\/p>\n\n\n\n<p>La <strong>livraison est offerte<\/strong> dans un rayon d\u2019environ 20 km autour de notre d\u00e9p\u00f4t, puis ajust\u00e9e selon la distance. Cette organisation vous garantit un service souple, transparent et parfaitement adapt\u00e9 \u00e0 votre localisation, pour un anniversaire r\u00e9ussi sans contrainte.<\/p>\n\n\n\n<h2 class=\"wp-block-heading\">Associer la barbe \u00e0 papa \u00e0 d\u2019autres animations<\/h2>\n\n\n\n<p>Pour aller encore plus loin dans l\u2019exp\u00e9rience propos\u00e9e lors de votre anniversaire, il est tout \u00e0 fait pertinent de combiner la machine \u00e0 barbe \u00e0 papa avec d\u2019autres animations. Les <a href=\"https:\/\/www.latelierfestif.com\/locations\/catalogue\/animations\/jeux-en-bois\/\" data-type=\"product_cat\" data-id=\"150\">jeux en bois<\/a>, par exemple, constituent un excellent compl\u00e9ment, car ils permettent d\u2019alterner les moments gourmands avec des activit\u00e9s ludiques et interactives. <\/p>\n\n\n\n<p>Cette combinaison cr\u00e9e une dynamique \u00e9quilibr\u00e9e, o\u00f9 les enfants peuvent \u00e0 la fois jouer, se d\u00e9penser et profiter de <strong>moments de d\u00e9gustation<\/strong>. Elle permet \u00e9galement de structurer l\u2019\u00e9v\u00e9nement en proposant plusieurs p\u00f4les d\u2019activit\u00e9, \u00e9vitant ainsi les temps d\u2019attente ou les moments creux. <\/p>\n\n\n\n<p>En diversifiant les animations, vous augmentez l\u2019int\u00e9r\u00eat global de votre anniversaire et offrez une exp\u00e9rience plus riche \u00e0 vos invit\u00e9s. Cette approche est particuli\u00e8rement efficace pour maintenir une ambiance festive du d\u00e9but \u00e0 la fin.<\/p>\n\n\n\n<h2 class=\"wp-block-heading\">D\u00e9couvrez nos solutions de location<\/h2>\n\n\n\n<p>Si vous souhaitez organiser un <a href=\"https:\/\/www.latelierfestif.com\/locations\/event\/anniversaire\/\" data-type=\"product_tag\" data-id=\"26\">anniversaire original<\/a>, gourmand et convivial, la location d\u2019une machine \u00e0 barbe \u00e0 papa est une solution id\u00e9ale. Pour d\u00e9couvrir l\u2019ensemble de nos prestations et choisir la formule la plus adapt\u00e9e \u00e0 votre \u00e9v\u00e9nement, nous vous invitons \u00e0 consulter notre page d\u00e9di\u00e9e \u00e0 la location de machine \u00e0 barbe \u00e0 papa en \u00cele-de-France Sud et en r\u00e9gion Centre. Vous y trouverez toutes les informations n\u00e9cessaires pour organiser une animation r\u00e9ussie et adapt\u00e9e \u00e0 vos besoins.<\/p>\n\n\n\n<div class=\"wp-block-buttons is-content-justification-center is-layout-flex wp-container-core-buttons-is-layout-2b69d536 wp-block-buttons-is-layout-flex\" style=\"margin-bottom:var(--wp--preset--spacing--80)\">\n<div class=\"wp-block-button\"><a class=\"wp-block-button__link has-white-color has-black-background-color has-text-color has-background has-link-color has-custom-font-size wp-element-button\" href=\"https:\/\/www.latelierfestif.com\/locations\/catalogue\/materiel-de-restauration\/\" style=\"border-radius:8px;padding-top:15px;padding-right:25px;padding-bottom:15px;padding-left:25px;font-size:clamp(14px, 0.875rem + ((1vw - 3.2px) * 0.313), 18px);font-style:normal;font-weight:600\">D\u00e9couvrez notre offre : Location de machine \u00e0 barbe \u00e0 papa<\/a><\/div>\n<\/div>\n\n\n\n<h2 class=\"wp-block-heading\">Une animation gourmande pour un anniversaire inoubliable<\/h2>\n\n\n\n<p>La <a href=\"https:\/\/www.latelierfestif.com\/locations\/produit\/machine-barbe-a-papa\/\" data-type=\"product\" data-id=\"32125\">location d\u2019une machine \u00e0 barbe \u00e0 papa<\/a> est bien plus qu\u2019une simple animation : c\u2019est une v\u00e9ritable exp\u00e9rience qui apporte de la joie, de la convivialit\u00e9 et une touche de magie \u00e0 votre anniversaire. <\/p>\n\n\n\n<p>Facile \u00e0 mettre en place, accessible \u00e0 tous et imm\u00e9diatement appr\u00e9ci\u00e9e, elle permet de <strong>cr\u00e9er une ambiance festive<\/strong> et m\u00e9morable. En l\u2019int\u00e9grant \u00e0 votre \u00e9v\u00e9nement, vous \u00eates certain de faire plaisir \u00e0 vos invit\u00e9s et de transformer votre anniversaire en un moment unique, rempli de souvenirs positifs.<\/p>\n","protected":false},"excerpt":{"rendered":"<p>Location de machine \u00e0 barbe \u00e0 papa pour anniversaire : une animation gourmande, conviviale et facile \u00e0 mettre en place pour un moment inoubliable.<\/p>\n","protected":false},"author":1,"featured_media":34500,"comment_status":"closed","ping_status":"closed","sticky":false,"template":"","format":"standard","meta":{"wds_primary_category":23,"footnotes":""},"categories":[23],"tags":[],"class_list":["post-34496","post","type-post","status-publish","format-standard","has-post-thumbnail","hentry","category-dossiers-locations"],"blocksy_meta":[],"_links":{"self":[{"href":"https:\/\/www.latelierfestif.com\/locations\/wp-json\/wp\/v2\/posts\/34496","targetHints":{"allow":["GET"]}}],"collection":[{"href":"https:\/\/www.latelierfestif.com\/locations\/wp-json\/wp\/v2\/posts"}],"about":[{"href":"https:\/\/www.latelierfestif.com\/locations\/wp-json\/wp\/v2\/types\/post"}],"author":[{"embeddable":true,"href":"https:\/\/www.latelierfestif.com\/locations\/wp-json\/wp\/v2\/users\/1"}],"replies":[{"embeddable":true,"href":"https:\/\/www.latelierfestif.com\/locations\/wp-json\/wp\/v2\/comments?post=34496"}],"version-history":[{"count":0,"href":"https:\/\/www.latelierfestif.com\/locations\/wp-json\/wp\/v2\/posts\/34496\/revisions"}],"wp:featuredmedia":[{"embeddable":true,"href":"https:\/\/www.latelierfestif.com\/locations\/wp-json\/wp\/v2\/media\/34500"}],"wp:attachment":[{"href":"https:\/\/www.latelierfestif.com\/locations\/wp-json\/wp\/v2\/media?parent=34496"}],"wp:term":[{"taxonomy":"category","embeddable":true,"href":"https:\/\/www.latelierfestif.com\/locations\/wp-json\/wp\/v2\/categories?post=34496"},{"taxonomy":"post_tag","embeddable":true,"href":"https:\/\/www.latelierfestif.com\/locations\/wp-json\/wp\/v2\/tags?post=34496"}],"curies":[{"name":"wp","href":"https:\/\/api.w.org\/{rel}","templated":true}]}}